{"id":31105,"date":"2023-05-24T02:48:54","date_gmt":"2023-05-24T02:48:54","guid":{"rendered":"https:\/\/www.elpolitologoyelpolitico.com.ar\/wordpress\/?p=31105"},"modified":"2023-05-24T02:48:56","modified_gmt":"2023-05-24T02:48:56","slug":"viedma-a-pedido-de-la-junta-vecinal-este-miercoles-se-interrumpira-el-servicio-en-el-b-guido-para-reparaciones-internas","status":"publish","type":"post","link":"https:\/\/www.elpolitologoyelpolitico.com.ar\/wordpress\/2023\/05\/24\/viedma-a-pedido-de-la-junta-vecinal-este-miercoles-se-interrumpira-el-servicio-en-el-b-guido-para-reparaciones-internas\/","title":{"rendered":"Viedma: A pedido de la junta vecinal, este mi\u00e9rcoles se interrumpir\u00e1 el servicio en el B\u00b0 Guido para reparaciones internas"},"content":{"rendered":"\n<p>Aguas Rionegrinas informa que a pedido de la junta vecinal del barrio Guido, este mi\u00e9rcoles 24 se interrumpir\u00e1 el suministro de agua para realizar reparaciones internas en este sector.<\/p>\n\n\n\n<p>Se prev\u00e9 interrumpir el servicio desde las 16 hasta las 20 horas del mismo mi\u00e9rcoles. Afectar\u00e1 s\u00f3lo al barrio Guido.<\/p>\n\n\n\n<p>Por ello recomendamos a los usuarios de este sector de la ciudad tomar los recaudos necesarios y acopiar agua para evitar la faltante del recurso mientras est\u00e9 afectado el servicio.<\/p>\n\n\n\n<p>Por dudas, consultas o reclamos est\u00e1 disponible la l\u00ednea telef\u00f3nica gratuita 0800 999 24827.<\/p>\n<div class=\"fb-background-color\">\n\t\t\t  <div \n\t\t\t  \tclass = \"fb-comments\" \n\t\t\t  \tdata-href = \"https:\/\/www.elpolitologoyelpolitico.com.ar\/wordpress\/2023\/05\/24\/viedma-a-pedido-de-la-junta-vecinal-este-miercoles-se-interrumpira-el-servicio-en-el-b-guido-para-reparaciones-internas\/\"\n\t\t\t  \tdata-numposts = \"10\"\n\t\t\t  \tdata-lazy = \"true\"\n\t\t\t\tdata-colorscheme = \"light\"\n\t\t\t\tdata-order-by = \"social\"\n\t\t\t\tdata-mobile=true>\n\t\t\t  <\/div><\/div>\n\t\t  <style>\n\t\t    .fb-background-color {\n\t\t\t\tbackground: #ffffff !important;\n\t\t\t}\n\t\t\t.fb_iframe_widget_fluid_desktop iframe {\n\t\t\t    width: 100% !important;\n\t\t\t}\n\t\t  <\/style>\n\t\t  ","protected":false},"excerpt":{"rendered":"<p>Aguas Rionegrinas informa que a pedido de la junta vecinal del barrio Guido, este mi\u00e9rcoles 24 se interrumpir\u00e1 el suministro de agua para realizar reparaciones internas en este sector. Se prev\u00e9 interrumpir el servicio desde las 16 hasta las 20 horas del mismo mi\u00e9rcoles. Afectar\u00e1 s\u00f3lo al barrio Guido. Por ello recomendamos a los usuarios [&hellip;]<\/p>\n","protected":false},"author":4,"featured_media":31106,"comment_status":"closed","ping_status":"closed","sticky":false,"template":"","format":"standard","meta":{"_joinchat":[],"footnotes":""},"categories":[39],"tags":[],"class_list":["post-31105","post","type-post","status-publish","format-standard","has-post-thumbnail","hentry","category-en-esta-seccion"],"_links":{"self":[{"href":"https:\/\/www.elpolitologoyelpolitico.com.ar\/wordpress\/wp-json\/wp\/v2\/posts\/31105","targetHints":{"allow":["GET"]}}],"collection":[{"href":"https:\/\/www.elpolitologoyelpolitico.com.ar\/wordpress\/wp-json\/wp\/v2\/posts"}],"about":[{"href":"https:\/\/www.elpolitologoyelpolitico.com.ar\/wordpress\/wp-json\/wp\/v2\/types\/post"}],"author":[{"embeddable":true,"href":"https:\/\/www.elpolitologoyelpolitico.com.ar\/wordpress\/wp-json\/wp\/v2\/users\/4"}],"replies":[{"embeddable":true,"href":"https:\/\/www.elpolitologoyelpolitico.com.ar\/wordpress\/wp-json\/wp\/v2\/comments?post=31105"}],"version-history":[{"count":0,"href":"https:\/\/www.elpolitologoyelpolitico.com.ar\/wordpress\/wp-json\/wp\/v2\/posts\/31105\/revisions"}],"wp:featuredmedia":[{"embeddable":true,"href":"https:\/\/www.elpolitologoyelpolitico.com.ar\/wordpress\/wp-json\/wp\/v2\/media\/31106"}],"wp:attachment":[{"href":"https:\/\/www.elpolitologoyelpolitico.com.ar\/wordpress\/wp-json\/wp\/v2\/media?parent=31105"}],"wp:term":[{"taxonomy":"category","embeddable":true,"href":"https:\/\/www.elpolitologoyelpolitico.com.ar\/wordpress\/wp-json\/wp\/v2\/categories?post=31105"},{"taxonomy":"post_tag","embeddable":true,"href":"https:\/\/www.elpolitologoyelpolitico.com.ar\/wordpress\/wp-json\/wp\/v2\/tags?post=31105"}],"curies":[{"name":"wp","href":"https:\/\/api.w.org\/{rel}","templated":true}]}}