{"id":31097,"date":"2023-05-23T23:26:17","date_gmt":"2023-05-23T23:26:17","guid":{"rendered":"https:\/\/www.elpolitologoyelpolitico.com.ar\/wordpress\/?p=31097"},"modified":"2023-05-23T23:26:18","modified_gmt":"2023-05-23T23:26:18","slug":"salud-trabaja-en-mordeduras-y-accidentes-potencialmente-rabicos","status":"publish","type":"post","link":"https:\/\/www.elpolitologoyelpolitico.com.ar\/wordpress\/2023\/05\/23\/salud-trabaja-en-mordeduras-y-accidentes-potencialmente-rabicos\/","title":{"rendered":"Salud trabaja en mordeduras y accidentes potencialmente r\u00e1bicos"},"content":{"rendered":"\n<p>El Ministerio de Salud, a trav\u00e9s de las \u00e1reas de Salud Ambiental, Zoonosis y Epidemiolog\u00eda abord\u00f3 la problem\u00e1tica de las mordeduras y la rabia, a fin de repensar los pasos a seguir por las personas afectadas, los animales intervinientes y las instituciones involucradas.<\/p>\n\n\n\n<p>La tem\u00e1tica se trabaja junto a las residencias de salud p\u00fablica veterinarias de Viedma, Bariloche y Roca, con las propuestas de un algoritmo provincial para accidentes potencialmente r\u00e1bicos.<\/p>\n\n\n\n<p>Un accidentes potencialmente r\u00e1bico se define como toda persona con cualquier tipo de herida (mordedura, rasgu\u00f1o) o lamedura de mucosas o de piel herida, producida por animales con rabia confirmada o animales con sintomatolog\u00eda compatible, por animales silvestres (especialmente murci\u00e9lagos, zorros, monos, coat\u00edes) o por perros, gatos, hurones dom\u00e9sticos imposibles de observar o no vacunados.<\/p>\n\n\n\n<p>En estos accidentes es fundamental que las personas recurran a un centro de asistencia m\u00e9dica para el tratamiento de la herida y la definici\u00f3n de la profilaxis post-exposici\u00f3n, la que se define por las caracter\u00edsticas de la lesi\u00f3n y el tipo de animal involucrado y su situaci\u00f3n.<\/p>\n\n\n\n<p>Es fundamental la observaci\u00f3n de los animales mordedores (perros, gatos y hurones) como dato adicional para interrumpir o continuar la vacunaci\u00f3n antirr\u00e1bica de la persona seg\u00fan sea positivo o negativo el animal, dado que las vacunas humanas para la rabia son bienes costosos y escasos y el esquema de vacunaci\u00f3n radica en varias dosis.<\/p>\n\n\n\n<p>En este sentido, el papel que juegan los Municipios y el sector veterinario privado es muy importante. En el caso de los Municipios,&nbsp; a trav\u00e9s de las ordenanzas, se debiese realizar la observaci\u00f3n de los animales mordedores que no tienen persona responsable y de quienes no puedan acceder a una observaci\u00f3n por el sector privado. En el caso de los veterinarios del sector privado, pueden realizar la observaci\u00f3n antirr\u00e1bica de los animales que tienen tutor responsable (que es la mayor\u00eda) cuando as\u00ed lo soliciten, luego de que su animal muerda a una persona.<\/p>\n\n\n\n<p>Se necesita una gran colaboraci\u00f3n de la comunidad para la correcta tenencia de los animales, debiendo mantenerlos dentro de sus hogares, pasearlos con correas y mantenerlos con la vacunaci\u00f3n antirr\u00e1bica al d\u00eda a fin de prevenir los accidentes potencialmente r\u00e1bicos.<\/p>\n\n\n\n<p>Por \u00faltimo hay que decir que las mordeduras representan una preocupaci\u00f3n significativa en t\u00e9rminos de salud p\u00fablica, ya que pueden causar una serie de complicaciones, como infecciones, lesiones graves y traumas f\u00edsicos y psicol\u00f3gicos. Es crucial abordar este problema de manera integral, a trav\u00e9s de la implementaci\u00f3n de medidas preventivas, la atenci\u00f3n m\u00e9dica adecuada y la educaci\u00f3n de la comunidad.<\/p>\n<div class=\"fb-background-color\">\n\t\t\t  <div \n\t\t\t  \tclass = \"fb-comments\" \n\t\t\t  \tdata-href = \"https:\/\/www.elpolitologoyelpolitico.com.ar\/wordpress\/2023\/05\/23\/salud-trabaja-en-mordeduras-y-accidentes-potencialmente-rabicos\/\"\n\t\t\t  \tdata-numposts = \"10\"\n\t\t\t  \tdata-lazy = \"true\"\n\t\t\t\tdata-colorscheme = \"light\"\n\t\t\t\tdata-order-by = \"social\"\n\t\t\t\tdata-mobile=true>\n\t\t\t  <\/div><\/div>\n\t\t  <style>\n\t\t    .fb-background-color {\n\t\t\t\tbackground: #ffffff !important;\n\t\t\t}\n\t\t\t.fb_iframe_widget_fluid_desktop iframe {\n\t\t\t    width: 100% !important;\n\t\t\t}\n\t\t  <\/style>\n\t\t  ","protected":false},"excerpt":{"rendered":"<p>El Ministerio de Salud, a trav\u00e9s de las \u00e1reas de Salud Ambiental, Zoonosis y Epidemiolog\u00eda abord\u00f3 la problem\u00e1tica de las mordeduras y la rabia, a fin de repensar los pasos a seguir por las personas afectadas, los animales intervinientes y las instituciones involucradas. La tem\u00e1tica se trabaja junto a las residencias de salud p\u00fablica veterinarias [&hellip;]<\/p>\n","protected":false},"author":4,"featured_media":31098,"comment_status":"closed","ping_status":"closed","sticky":false,"template":"","format":"standard","meta":{"_joinchat":[],"footnotes":""},"categories":[4],"tags":[],"class_list":["post-31097","post","type-post","status-publish","format-standard","has-post-thumbnail","hentry","category-politicas-publicas"],"_links":{"self":[{"href":"https:\/\/www.elpolitologoyelpolitico.com.ar\/wordpress\/wp-json\/wp\/v2\/posts\/31097","targetHints":{"allow":["GET"]}}],"collection":[{"href":"https:\/\/www.elpolitologoyelpolitico.com.ar\/wordpress\/wp-json\/wp\/v2\/posts"}],"about":[{"href":"https:\/\/www.elpolitologoyelpolitico.com.ar\/wordpress\/wp-json\/wp\/v2\/types\/post"}],"author":[{"embeddable":true,"href":"https:\/\/www.elpolitologoyelpolitico.com.ar\/wordpress\/wp-json\/wp\/v2\/users\/4"}],"replies":[{"embeddable":true,"href":"https:\/\/www.elpolitologoyelpolitico.com.ar\/wordpress\/wp-json\/wp\/v2\/comments?post=31097"}],"version-history":[{"count":0,"href":"https:\/\/www.elpolitologoyelpolitico.com.ar\/wordpress\/wp-json\/wp\/v2\/posts\/31097\/revisions"}],"wp:featuredmedia":[{"embeddable":true,"href":"https:\/\/www.elpolitologoyelpolitico.com.ar\/wordpress\/wp-json\/wp\/v2\/media\/31098"}],"wp:attachment":[{"href":"https:\/\/www.elpolitologoyelpolitico.com.ar\/wordpress\/wp-json\/wp\/v2\/media?parent=31097"}],"wp:term":[{"taxonomy":"category","embeddable":true,"href":"https:\/\/www.elpolitologoyelpolitico.com.ar\/wordpress\/wp-json\/wp\/v2\/categories?post=31097"},{"taxonomy":"post_tag","embeddable":true,"href":"https:\/\/www.elpolitologoyelpolitico.com.ar\/wordpress\/wp-json\/wp\/v2\/tags?post=31097"}],"curies":[{"name":"wp","href":"https:\/\/api.w.org\/{rel}","templated":true}]}}