{"id":31090,"date":"2023-05-23T23:05:01","date_gmt":"2023-05-23T23:05:01","guid":{"rendered":"https:\/\/www.elpolitologoyelpolitico.com.ar\/wordpress\/?p=31090"},"modified":"2023-05-23T23:05:02","modified_gmt":"2023-05-23T23:05:02","slug":"finde-xxl-aventurarse-en-un-viaje-en-tren-por-rio-negro-tiene-sentido","status":"publish","type":"post","link":"https:\/\/www.elpolitologoyelpolitico.com.ar\/wordpress\/2023\/05\/23\/finde-xxl-aventurarse-en-un-viaje-en-tren-por-rio-negro-tiene-sentido\/","title":{"rendered":"Finde XXL: Aventurarse en un viaje en tren por R\u00edo Negro \u00a1Tiene Sentido!"},"content":{"rendered":"\n<p>El pr\u00f3ximo fin de semana largo es el momento perfecto para subirse a algunos de los servicios tur\u00edsticos que ofrece el Tren Patag\u00f3nico. R\u00edo Negro te invita a recorrer trayectos sobre rieles y deleitarte con los m\u00e1s exquisitos sabores patag\u00f3nicos.<\/p>\n\n\n\n<p>En este fin de semana largo de celebraciones del aniversario de la Revoluci\u00f3n de Mayo, el Tren Patag\u00f3nico te ofrece disfrutar de las excursiones nocturnas entre Bariloche y la Estaci\u00f3n Perito Moreno que, emplazada en la frontera imaginaria entre la Estepa y Cordillera, regala diversas alternativas para sentir y vivir la impronta de ambas regiones.<\/p>\n\n\n\n<p>Esta experiencia, que tiene como punto de partida San Carlos de Bariloche, implica un recorrido de 30 kil\u00f3metros bajo la luz de la luna a bordo de una formaci\u00f3n preparada especialmente para la ocasi\u00f3n, que parte a las 18 y arriba a su destino cerca de las 19 y donde una incre\u00edble propuesta gastron\u00f3mica espera a los pasajeros, quienes degustar\u00e1n de un exquisito men\u00fa conformado por asado y cordero al asador, con variedades veganas y cel\u00edacas para aquellos que lo requieran.<\/p>\n\n\n\n<p>En la llegada a la Estaci\u00f3n y antes de retornar a la localidad andina, las y los pasajeros podr\u00e1n degustar algunos platillos dulces en la Casa de T\u00e9, Aires de Campo, que funciona en el mismo asentamiento ferroviario. All\u00ed se puede recorrer el viejo edificio y aprovechar a visualizar el impactante cielo nocturno entre el silencio y la inmensidad de la Estepa rionegrina.<\/p>\n\n\n\n<p>El servicio saldr\u00e1 los d\u00edas 25, 26 y 27 de mayo. Para m\u00e1s informaci\u00f3n ingresar en:&nbsp;https:\/\/trenpatagonicosa.com.ar\/<\/p>\n\n\n\n<p>Viajar en un tren a vapor de 101 a\u00f1os \u2026 \u00a1eso s\u00ed que tiene mucho sentido!<\/p>\n\n\n\n<p>Para el pr\u00f3ximo s\u00e1bado 27, desde Ingeniero Jacobacci, el tren a vapor partir\u00e1 en un nuevo viaje m\u00edstico hacia la Estaci\u00f3n Empalme, a 15 kil\u00f3metros al Sur, adentr\u00e1ndose en la m\u00e1gica Meseta rionegrina. Ser\u00e1 la excusa ideal para conocer a fondo la geograf\u00eda esteparia y disfrutar los sabores caracter\u00edsticos de la regi\u00f3n mediante un exquisito men\u00fa jacobacino que incluye todos los servicios y alternativas para personas veganas y cel\u00edacas, o bien, cada quien podr\u00e1 llevarse su propia vianda.<\/p>\n\n\n\n<p>Se trata de un viaje hist\u00f3rico que se realiza sobre v\u00edas que datan de 1922, un elemento centenario que le da un tinte especial a esta excursi\u00f3n, en la que los viajantes pueden observar la incre\u00edble inmensidad de la Estepa, as\u00ed como tambi\u00e9n descubrir las costumbres de sus pobladores, comidas t\u00edpicas y las artesan\u00edas de los lugares que recorre.<\/p>\n\n\n\n<p>Estos ser\u00e1n los dos servicios tur\u00edsticos con los que contar\u00e1 la empresa Tren Patag\u00f3nico S.A. para el pr\u00f3ximo fin de semana largo y que invitan a recorrer la provincia en sus diferentes regiones tur\u00edsticas.<\/p>\n\n\n\n<p>Cabe destacar que a finales del 2022, La Trochita recibi\u00f3 la importante distinci\u00f3n Marca Pa\u00eds de parte del Ministerio de Turismo y Deportes de la Naci\u00f3n jerarquiz\u00e1ndose as\u00ed como producto tur\u00edstico y permitiendo que el Gobierno Nacional promocione en sus misiones internacionales no s\u00f3lo al tren, sino tambi\u00e9n a la belleza e inmensidad de la regi\u00f3n, cuya historia y cultura conforma gran parte de la identidad rionegrina.<\/p>\n\n\n\n<figure class=\"wp-block-image size-large\"><img fetchpriority=\"high\" decoding=\"async\" width=\"1024\" height=\"682\" src=\"https:\/\/www.elpolitologoyelpolitico.com.ar\/wp-content\/uploads\/2023\/05\/IMG-20230523-WA0009-1024x682.jpg\" alt=\"\" class=\"wp-image-31092\" srcset=\"https:\/\/www.elpolitologoyelpolitico.com.ar\/wp-content\/uploads\/2023\/05\/IMG-20230523-WA0009-1024x682.jpg 1024w, https:\/\/www.elpolitologoyelpolitico.com.ar\/wp-content\/uploads\/2023\/05\/IMG-20230523-WA0009-300x200.jpg 300w, https:\/\/www.elpolitologoyelpolitico.com.ar\/wp-content\/uploads\/2023\/05\/IMG-20230523-WA0009-768x512.jpg 768w, https:\/\/www.elpolitologoyelpolitico.com.ar\/wp-content\/uploads\/2023\/05\/IMG-20230523-WA0009.jpg 1280w\" sizes=\"(max-width: 1024px) 100vw, 1024px\" \/><\/figure>\n<div class=\"fb-background-color\">\n\t\t\t  <div \n\t\t\t  \tclass = \"fb-comments\" \n\t\t\t  \tdata-href = \"https:\/\/www.elpolitologoyelpolitico.com.ar\/wordpress\/2023\/05\/23\/finde-xxl-aventurarse-en-un-viaje-en-tren-por-rio-negro-tiene-sentido\/\"\n\t\t\t  \tdata-numposts = \"10\"\n\t\t\t  \tdata-lazy = \"true\"\n\t\t\t\tdata-colorscheme = \"light\"\n\t\t\t\tdata-order-by = \"social\"\n\t\t\t\tdata-mobile=true>\n\t\t\t  <\/div><\/div>\n\t\t  <style>\n\t\t    .fb-background-color {\n\t\t\t\tbackground: #ffffff !important;\n\t\t\t}\n\t\t\t.fb_iframe_widget_fluid_desktop iframe {\n\t\t\t    width: 100% !important;\n\t\t\t}\n\t\t  <\/style>\n\t\t  ","protected":false},"excerpt":{"rendered":"<p>El pr\u00f3ximo fin de semana largo es el momento perfecto para subirse a algunos de los servicios tur\u00edsticos que ofrece el Tren Patag\u00f3nico. R\u00edo Negro te invita a recorrer trayectos sobre rieles y deleitarte con los m\u00e1s exquisitos sabores patag\u00f3nicos. En este fin de semana largo de celebraciones del aniversario de la Revoluci\u00f3n de Mayo, [&hellip;]<\/p>\n","protected":false},"author":4,"featured_media":31091,"comment_status":"closed","ping_status":"closed","sticky":false,"template":"","format":"standard","meta":{"_joinchat":[],"footnotes":""},"categories":[4],"tags":[],"class_list":["post-31090","post","type-post","status-publish","format-standard","has-post-thumbnail","hentry","category-politicas-publicas"],"_links":{"self":[{"href":"https:\/\/www.elpolitologoyelpolitico.com.ar\/wordpress\/wp-json\/wp\/v2\/posts\/31090","targetHints":{"allow":["GET"]}}],"collection":[{"href":"https:\/\/www.elpolitologoyelpolitico.com.ar\/wordpress\/wp-json\/wp\/v2\/posts"}],"about":[{"href":"https:\/\/www.elpolitologoyelpolitico.com.ar\/wordpress\/wp-json\/wp\/v2\/types\/post"}],"author":[{"embeddable":true,"href":"https:\/\/www.elpolitologoyelpolitico.com.ar\/wordpress\/wp-json\/wp\/v2\/users\/4"}],"replies":[{"embeddable":true,"href":"https:\/\/www.elpolitologoyelpolitico.com.ar\/wordpress\/wp-json\/wp\/v2\/comments?post=31090"}],"version-history":[{"count":0,"href":"https:\/\/www.elpolitologoyelpolitico.com.ar\/wordpress\/wp-json\/wp\/v2\/posts\/31090\/revisions"}],"wp:featuredmedia":[{"embeddable":true,"href":"https:\/\/www.elpolitologoyelpolitico.com.ar\/wordpress\/wp-json\/wp\/v2\/media\/31091"}],"wp:attachment":[{"href":"https:\/\/www.elpolitologoyelpolitico.com.ar\/wordpress\/wp-json\/wp\/v2\/media?parent=31090"}],"wp:term":[{"taxonomy":"category","embeddable":true,"href":"https:\/\/www.elpolitologoyelpolitico.com.ar\/wordpress\/wp-json\/wp\/v2\/categories?post=31090"},{"taxonomy":"post_tag","embeddable":true,"href":"https:\/\/www.elpolitologoyelpolitico.com.ar\/wordpress\/wp-json\/wp\/v2\/tags?post=31090"}],"curies":[{"name":"wp","href":"https:\/\/api.w.org\/{rel}","templated":true}]}}