{"id":31085,"date":"2023-05-23T22:51:14","date_gmt":"2023-05-23T22:51:14","guid":{"rendered":"https:\/\/www.elpolitologoyelpolitico.com.ar\/wordpress\/?p=31085"},"modified":"2023-05-23T22:51:16","modified_gmt":"2023-05-23T22:51:16","slug":"viedma-promociona-sus-atractivos-en-cordoba-ante-operadores-de-viaje-de-todo-el-pais","status":"publish","type":"post","link":"https:\/\/www.elpolitologoyelpolitico.com.ar\/wordpress\/2023\/05\/23\/viedma-promociona-sus-atractivos-en-cordoba-ante-operadores-de-viaje-de-todo-el-pais\/","title":{"rendered":"Viedma promociona sus atractivos en C\u00f3rdoba ante operadores de viaje de todo el pa\u00eds&nbsp;"},"content":{"rendered":"\n<p>El gobierno de Viedma a trav\u00e9s del ENVITUR contin\u00faa promocionando la ciudad y sus atractivos tur\u00edsticos en diferentes localidades del pa\u00eds, en esta oportunidad en el Neoworshop Federal, organizado por la Federaci\u00f3n de C\u00e1maras de Turismo de la Rep\u00fablica Argentina -FEDECATUR- en C\u00f3rdoba.<\/p>\n\n\n\n<p>En esta oportunidad el Secretario de Turismo, Cultura y Deportes Juan Gorosito junto al Subsecretario de Turismo Sergio Rodriguez participaron junto al Ministerio de Turismo y Deporte de Rio Negro. La agencia de viajes y turismo Kosten tambi\u00e9n estuvo presente en las mesas de trabajo, ofreciendo la visita a la Comarca Tur\u00edstica, Camino de la Costa y Bodega Wapisa.<\/p>\n\n\n\n<p>El Ente Mixto de Promoci\u00f3n Tur\u00edstica local apuesta fuertemente a la participaci\u00f3n en este tipo de acciones comerciales, como una estrategia definida con los operadores locales que promuevan el turismo receptivo para atraer turistas a nuestro destino.<\/p>\n\n\n\n<p>Al respecto Sergio Rodriguez remarc\u00f3\u00a0 que \u201ceste tipo de promoci\u00f3n tur\u00edstica nos acerca a diferentes provincias y refuerza la imagen de Viedma en diferentes puntos del pa\u00eds mostrando no solo atractivos naturales, sino tambi\u00e9n la oferta de actividades de nuestra ciudad\u201d.<\/p>\n\n\n\n<figure class=\"wp-block-gallery has-nested-images columns-default is-cropped wp-block-gallery-1 is-layout-flex wp-block-gallery-is-layout-flex\">\n<figure class=\"wp-block-image size-large\"><img fetchpriority=\"high\" decoding=\"async\" width=\"720\" height=\"479\" data-id=\"31087\" src=\"https:\/\/www.elpolitologoyelpolitico.com.ar\/wp-content\/uploads\/2023\/05\/IMG-20230523-WA0007.jpg\" alt=\"\" class=\"wp-image-31087\" srcset=\"https:\/\/www.elpolitologoyelpolitico.com.ar\/wp-content\/uploads\/2023\/05\/IMG-20230523-WA0007.jpg 720w, https:\/\/www.elpolitologoyelpolitico.com.ar\/wp-content\/uploads\/2023\/05\/IMG-20230523-WA0007-300x200.jpg 300w\" sizes=\"(max-width: 720px) 100vw, 720px\" \/><\/figure>\n\n\n\n<figure class=\"wp-block-image size-large\"><img decoding=\"async\" width=\"720\" height=\"405\" data-id=\"31088\" src=\"https:\/\/www.elpolitologoyelpolitico.com.ar\/wp-content\/uploads\/2023\/05\/IMG-20230523-WA0008.jpg\" alt=\"\" class=\"wp-image-31088\" srcset=\"https:\/\/www.elpolitologoyelpolitico.com.ar\/wp-content\/uploads\/2023\/05\/IMG-20230523-WA0008.jpg 720w, https:\/\/www.elpolitologoyelpolitico.com.ar\/wp-content\/uploads\/2023\/05\/IMG-20230523-WA0008-300x169.jpg 300w\" sizes=\"(max-width: 720px) 100vw, 720px\" \/><\/figure>\n<\/figure>\n<div class=\"fb-background-color\">\n\t\t\t  <div \n\t\t\t  \tclass = \"fb-comments\" \n\t\t\t  \tdata-href = \"https:\/\/www.elpolitologoyelpolitico.com.ar\/wordpress\/2023\/05\/23\/viedma-promociona-sus-atractivos-en-cordoba-ante-operadores-de-viaje-de-todo-el-pais\/\"\n\t\t\t  \tdata-numposts = \"10\"\n\t\t\t  \tdata-lazy = \"true\"\n\t\t\t\tdata-colorscheme = \"light\"\n\t\t\t\tdata-order-by = \"social\"\n\t\t\t\tdata-mobile=true>\n\t\t\t  <\/div><\/div>\n\t\t  <style>\n\t\t    .fb-background-color {\n\t\t\t\tbackground: #ffffff !important;\n\t\t\t}\n\t\t\t.fb_iframe_widget_fluid_desktop iframe {\n\t\t\t    width: 100% !important;\n\t\t\t}\n\t\t  <\/style>\n\t\t  ","protected":false},"excerpt":{"rendered":"<p>El gobierno de Viedma a trav\u00e9s del ENVITUR contin\u00faa promocionando la ciudad y sus atractivos tur\u00edsticos en diferentes localidades del pa\u00eds, en esta oportunidad en el Neoworshop Federal, organizado por la Federaci\u00f3n de C\u00e1maras de Turismo de la Rep\u00fablica Argentina -FEDECATUR- en C\u00f3rdoba. En esta oportunidad el Secretario de Turismo, Cultura y Deportes Juan Gorosito [&hellip;]<\/p>\n","protected":false},"author":4,"featured_media":31086,"comment_status":"closed","ping_status":"closed","sticky":false,"template":"","format":"standard","meta":{"_joinchat":[],"footnotes":""},"categories":[39],"tags":[],"class_list":["post-31085","post","type-post","status-publish","format-standard","has-post-thumbnail","hentry","category-en-esta-seccion"],"_links":{"self":[{"href":"https:\/\/www.elpolitologoyelpolitico.com.ar\/wordpress\/wp-json\/wp\/v2\/posts\/31085","targetHints":{"allow":["GET"]}}],"collection":[{"href":"https:\/\/www.elpolitologoyelpolitico.com.ar\/wordpress\/wp-json\/wp\/v2\/posts"}],"about":[{"href":"https:\/\/www.elpolitologoyelpolitico.com.ar\/wordpress\/wp-json\/wp\/v2\/types\/post"}],"author":[{"embeddable":true,"href":"https:\/\/www.elpolitologoyelpolitico.com.ar\/wordpress\/wp-json\/wp\/v2\/users\/4"}],"replies":[{"embeddable":true,"href":"https:\/\/www.elpolitologoyelpolitico.com.ar\/wordpress\/wp-json\/wp\/v2\/comments?post=31085"}],"version-history":[{"count":0,"href":"https:\/\/www.elpolitologoyelpolitico.com.ar\/wordpress\/wp-json\/wp\/v2\/posts\/31085\/revisions"}],"wp:featuredmedia":[{"embeddable":true,"href":"https:\/\/www.elpolitologoyelpolitico.com.ar\/wordpress\/wp-json\/wp\/v2\/media\/31086"}],"wp:attachment":[{"href":"https:\/\/www.elpolitologoyelpolitico.com.ar\/wordpress\/wp-json\/wp\/v2\/media?parent=31085"}],"wp:term":[{"taxonomy":"category","embeddable":true,"href":"https:\/\/www.elpolitologoyelpolitico.com.ar\/wordpress\/wp-json\/wp\/v2\/categories?post=31085"},{"taxonomy":"post_tag","embeddable":true,"href":"https:\/\/www.elpolitologoyelpolitico.com.ar\/wordpress\/wp-json\/wp\/v2\/tags?post=31085"}],"curies":[{"name":"wp","href":"https:\/\/api.w.org\/{rel}","templated":true}]}}