{"id":31074,"date":"2023-05-23T02:48:49","date_gmt":"2023-05-23T02:48:49","guid":{"rendered":"https:\/\/www.elpolitologoyelpolitico.com.ar\/wordpress\/?p=31074"},"modified":"2023-05-23T02:49:19","modified_gmt":"2023-05-23T02:49:19","slug":"el-frente-de-todos-participo-en-bahia-blanca-del-1-foro-de-salud-el-sistema-de-salud-sos-vos","status":"publish","type":"post","link":"https:\/\/www.elpolitologoyelpolitico.com.ar\/wordpress\/2023\/05\/23\/el-frente-de-todos-participo-en-bahia-blanca-del-1-foro-de-salud-el-sistema-de-salud-sos-vos\/","title":{"rendered":"El Frente de Todos particip\u00f3 en Bah\u00eda Blanca del 1 Foro de salud \u00bb el sistema de salud sos vos\u00bb"},"content":{"rendered":"\n<p>El mismo se realiz\u00f3 en las instalaciones de la universidad nacional del sur y fue coordinado por el Dr. Pablo Casella.<\/p>\n\n\n\n<p>En representaci\u00f3n del Bloque de Concejales del Frente de Todos de Patagones estuvo la Edil Fabiola Acosta.<\/p>\n\n\n\n<p>Dicho foro cont\u00f3 con representaci\u00f3n de la sexta secci\u00f3n, con el objetivo de analizar la situaci\u00f3n de salud en la regi\u00f3n.<\/p>\n\n\n\n<p>Los ejes propuestos fueron:<\/p>\n\n\n\n<p>*Salud comunitaria<\/p>\n\n\n\n<p>*Ambiente y salud<\/p>\n\n\n\n<p>*Fuerza laboral<\/p>\n\n\n\n<p>*Salud mental<\/p>\n\n\n\n<p>Patagones participo de la mesa de fuerza laboral poniendo en discusi\u00f3n las asimetr\u00edas salariales en salud, precarizaci\u00f3n laboral, violencia institucional y \u00e9xodo del personal formado dentro del sistema.<\/p>\n\n\n\n<p>Participaron de cada mesa representantes de Regi\u00f3n sanitaria, PAMI, IOMA, asociaci\u00f3n m\u00e9dica de Bah\u00eda blanca, universidad del sur, representantes del Hospital Penna, Hospital Municipal Le\u00f3nidas lucero,<br>profesionales de la salud del distrito de Patagones, adem\u00e1s de escuelas, Asociaciones Civiles y&nbsp; vecinos interesados en el tema.<\/p>\n\n\n\n<p>Para finalizar la Concejala Fabiola Acosta confirmo, que se propuso a Patagones como cede del pr\u00f3ximo encuentro del foro.<\/p>\n\n\n\n<figure class=\"wp-block-image size-full\"><img fetchpriority=\"high\" decoding=\"async\" width=\"768\" height=\"1024\" src=\"https:\/\/www.elpolitologoyelpolitico.com.ar\/wp-content\/uploads\/2023\/05\/IMG-20230522-WA0057.jpg\" alt=\"\" class=\"wp-image-31076\" srcset=\"https:\/\/www.elpolitologoyelpolitico.com.ar\/wp-content\/uploads\/2023\/05\/IMG-20230522-WA0057.jpg 768w, https:\/\/www.elpolitologoyelpolitico.com.ar\/wp-content\/uploads\/2023\/05\/IMG-20230522-WA0057-225x300.jpg 225w\" sizes=\"(max-width: 768px) 100vw, 768px\" \/><\/figure>\n<div class=\"fb-background-color\">\n\t\t\t  <div \n\t\t\t  \tclass = \"fb-comments\" \n\t\t\t  \tdata-href = \"https:\/\/www.elpolitologoyelpolitico.com.ar\/wordpress\/2023\/05\/23\/el-frente-de-todos-participo-en-bahia-blanca-del-1-foro-de-salud-el-sistema-de-salud-sos-vos\/\"\n\t\t\t  \tdata-numposts = \"10\"\n\t\t\t  \tdata-lazy = \"true\"\n\t\t\t\tdata-colorscheme = \"light\"\n\t\t\t\tdata-order-by = \"social\"\n\t\t\t\tdata-mobile=true>\n\t\t\t  <\/div><\/div>\n\t\t  <style>\n\t\t    .fb-background-color {\n\t\t\t\tbackground: #ffffff !important;\n\t\t\t}\n\t\t\t.fb_iframe_widget_fluid_desktop iframe {\n\t\t\t    width: 100% !important;\n\t\t\t}\n\t\t  <\/style>\n\t\t  ","protected":false},"excerpt":{"rendered":"<p>El mismo se realiz\u00f3 en las instalaciones de la universidad nacional del sur y fue coordinado por el Dr. Pablo Casella. En representaci\u00f3n del Bloque de Concejales del Frente de Todos de Patagones estuvo la Edil Fabiola Acosta. Dicho foro cont\u00f3 con representaci\u00f3n de la sexta secci\u00f3n, con el objetivo de analizar la situaci\u00f3n de [&hellip;]<\/p>\n","protected":false},"author":4,"featured_media":31075,"comment_status":"closed","ping_status":"closed","sticky":false,"template":"","format":"standard","meta":{"_joinchat":[],"footnotes":""},"categories":[39],"tags":[],"class_list":["post-31074","post","type-post","status-publish","format-standard","has-post-thumbnail","hentry","category-en-esta-seccion"],"_links":{"self":[{"href":"https:\/\/www.elpolitologoyelpolitico.com.ar\/wordpress\/wp-json\/wp\/v2\/posts\/31074","targetHints":{"allow":["GET"]}}],"collection":[{"href":"https:\/\/www.elpolitologoyelpolitico.com.ar\/wordpress\/wp-json\/wp\/v2\/posts"}],"about":[{"href":"https:\/\/www.elpolitologoyelpolitico.com.ar\/wordpress\/wp-json\/wp\/v2\/types\/post"}],"author":[{"embeddable":true,"href":"https:\/\/www.elpolitologoyelpolitico.com.ar\/wordpress\/wp-json\/wp\/v2\/users\/4"}],"replies":[{"embeddable":true,"href":"https:\/\/www.elpolitologoyelpolitico.com.ar\/wordpress\/wp-json\/wp\/v2\/comments?post=31074"}],"version-history":[{"count":0,"href":"https:\/\/www.elpolitologoyelpolitico.com.ar\/wordpress\/wp-json\/wp\/v2\/posts\/31074\/revisions"}],"wp:featuredmedia":[{"embeddable":true,"href":"https:\/\/www.elpolitologoyelpolitico.com.ar\/wordpress\/wp-json\/wp\/v2\/media\/31075"}],"wp:attachment":[{"href":"https:\/\/www.elpolitologoyelpolitico.com.ar\/wordpress\/wp-json\/wp\/v2\/media?parent=31074"}],"wp:term":[{"taxonomy":"category","embeddable":true,"href":"https:\/\/www.elpolitologoyelpolitico.com.ar\/wordpress\/wp-json\/wp\/v2\/categories?post=31074"},{"taxonomy":"post_tag","embeddable":true,"href":"https:\/\/www.elpolitologoyelpolitico.com.ar\/wordpress\/wp-json\/wp\/v2\/tags?post=31074"}],"curies":[{"name":"wp","href":"https:\/\/api.w.org\/{rel}","templated":true}]}}