{"id":31049,"date":"2023-05-22T14:23:10","date_gmt":"2023-05-22T14:23:10","guid":{"rendered":"https:\/\/www.elpolitologoyelpolitico.com.ar\/wordpress\/?p=31049"},"modified":"2023-05-22T14:23:12","modified_gmt":"2023-05-22T14:23:12","slug":"castracion-masiva-en-el-condor","status":"publish","type":"post","link":"https:\/\/www.elpolitologoyelpolitico.com.ar\/wordpress\/2023\/05\/22\/castracion-masiva-en-el-condor\/","title":{"rendered":"Castraci\u00f3n masiva en el C\u00f3ndor"},"content":{"rendered":"\n<p>El Gobierno de Viedma traslada el programa V.E.R.D.A.D. para el control de la poblaci\u00f3n de animales dom\u00e9sticos a El C\u00f3ndor.<\/p>\n\n\n\n<p>Las castraciones gratuitas se llevar\u00e1n adelante en el Club de Amigos, calle 12 N\u00b0 71 los d\u00edas 22, 23 y 24 de mayo.<\/p>\n\n\n\n<p>Acerc\u00e1 tu gato\/a, perro\/a a de 8 a 12 &#8211; SIN TURNO, por orden de llegada (para castrar se reciben animalitos hasta las 11). Tambi\u00e9n se colocan vacunas antirr\u00e1bicas.<\/p>\n\n\n\n<p>IMPORTANTE<\/p>\n\n\n\n<p>Llevar los animales con 12hs de ayuno.<\/p>\n\n\n\n<p>Gatos en casas de transporte, mochila o bolso con cierre.<br>Perros con correa.<\/p>\n\n\n\n<p>Traer mantita o frazada para envolverlos.<\/p>\n<div class=\"fb-background-color\">\n\t\t\t  <div \n\t\t\t  \tclass = \"fb-comments\" \n\t\t\t  \tdata-href = \"https:\/\/www.elpolitologoyelpolitico.com.ar\/wordpress\/2023\/05\/22\/castracion-masiva-en-el-condor\/\"\n\t\t\t  \tdata-numposts = \"10\"\n\t\t\t  \tdata-lazy = \"true\"\n\t\t\t\tdata-colorscheme = \"light\"\n\t\t\t\tdata-order-by = \"social\"\n\t\t\t\tdata-mobile=true>\n\t\t\t  <\/div><\/div>\n\t\t  <style>\n\t\t    .fb-background-color {\n\t\t\t\tbackground: #ffffff !important;\n\t\t\t}\n\t\t\t.fb_iframe_widget_fluid_desktop iframe {\n\t\t\t    width: 100% !important;\n\t\t\t}\n\t\t  <\/style>\n\t\t  ","protected":false},"excerpt":{"rendered":"<p>El Gobierno de Viedma traslada el programa V.E.R.D.A.D. para el control de la poblaci\u00f3n de animales dom\u00e9sticos a El C\u00f3ndor. Las castraciones gratuitas se llevar\u00e1n adelante en el Club de Amigos, calle 12 N\u00b0 71 los d\u00edas 22, 23 y 24 de mayo. Acerc\u00e1 tu gato\/a, perro\/a a de 8 a 12 &#8211; SIN TURNO, [&hellip;]<\/p>\n","protected":false},"author":4,"featured_media":31050,"comment_status":"closed","ping_status":"closed","sticky":false,"template":"","format":"standard","meta":{"_joinchat":[],"footnotes":""},"categories":[39],"tags":[],"class_list":["post-31049","post","type-post","status-publish","format-standard","has-post-thumbnail","hentry","category-en-esta-seccion"],"_links":{"self":[{"href":"https:\/\/www.elpolitologoyelpolitico.com.ar\/wordpress\/wp-json\/wp\/v2\/posts\/31049","targetHints":{"allow":["GET"]}}],"collection":[{"href":"https:\/\/www.elpolitologoyelpolitico.com.ar\/wordpress\/wp-json\/wp\/v2\/posts"}],"about":[{"href":"https:\/\/www.elpolitologoyelpolitico.com.ar\/wordpress\/wp-json\/wp\/v2\/types\/post"}],"author":[{"embeddable":true,"href":"https:\/\/www.elpolitologoyelpolitico.com.ar\/wordpress\/wp-json\/wp\/v2\/users\/4"}],"replies":[{"embeddable":true,"href":"https:\/\/www.elpolitologoyelpolitico.com.ar\/wordpress\/wp-json\/wp\/v2\/comments?post=31049"}],"version-history":[{"count":0,"href":"https:\/\/www.elpolitologoyelpolitico.com.ar\/wordpress\/wp-json\/wp\/v2\/posts\/31049\/revisions"}],"wp:featuredmedia":[{"embeddable":true,"href":"https:\/\/www.elpolitologoyelpolitico.com.ar\/wordpress\/wp-json\/wp\/v2\/media\/31050"}],"wp:attachment":[{"href":"https:\/\/www.elpolitologoyelpolitico.com.ar\/wordpress\/wp-json\/wp\/v2\/media?parent=31049"}],"wp:term":[{"taxonomy":"category","embeddable":true,"href":"https:\/\/www.elpolitologoyelpolitico.com.ar\/wordpress\/wp-json\/wp\/v2\/categories?post=31049"},{"taxonomy":"post_tag","embeddable":true,"href":"https:\/\/www.elpolitologoyelpolitico.com.ar\/wordpress\/wp-json\/wp\/v2\/tags?post=31049"}],"curies":[{"name":"wp","href":"https:\/\/api.w.org\/{rel}","templated":true}]}}