{"id":31042,"date":"2023-05-21T17:21:37","date_gmt":"2023-05-21T17:21:37","guid":{"rendered":"https:\/\/www.elpolitologoyelpolitico.com.ar\/wordpress\/?p=31042"},"modified":"2023-05-21T17:21:39","modified_gmt":"2023-05-21T17:21:39","slug":"referentes-de-educacion-se-reunieron-con-directivos-y-supervisiones","status":"publish","type":"post","link":"https:\/\/www.elpolitologoyelpolitico.com.ar\/wordpress\/2023\/05\/21\/referentes-de-educacion-se-reunieron-con-directivos-y-supervisiones\/","title":{"rendered":"Referentes de Educaci\u00f3n se reunieron con directivos y supervisiones"},"content":{"rendered":"\n<p>Una comitiva encabezada por el secretario de Educaci\u00f3n, Duilio Minieri, junto a las directoras de Educaci\u00f3n Primaria, Vanesa Padilla, de J\u00f3venes y Adultos, Marcela Strahl, y referentes del \u00e1rea de Estad\u00edsticas, se reunieron con supervisores y directivos de escuelas de la Regi\u00f3n Sur y Zona Andina para trabajar diferentes aspectos referidos a la tarea diaria que realizan en la zona.<\/p>\n\n\n\n<p>En la oportunidad, los referentes educativos visitaron las Escuelas Primarias N\u00b0 17, de Ingeniero Jacobacci; N\u00b0 292 y 49, de Los Menucos, y la N\u00b0 44, de San Carlos de Bariloche.<\/p>\n\n\n\n<p>\u201cDurante los encuentros trabajamos la planificaci\u00f3n Pedag\u00f3gica Curricular, dialogamos con supervisores, directores y docentes, en referencia a diferentes temas como la implementaci\u00f3n de la Hora Taller, las Asambleas \u00c1ulicas, proyectos educativos y diversas tem\u00e1ticas que fueron surgiendo de los espacios de trabajo\u201d, explic\u00f3 Padilla.<\/p>\n\n\n\n<p>De la recorrida tambi\u00e9n participaron referentes de la Direcci\u00f3n de Educaci\u00f3n Inclusiva, Orientaci\u00f3n T\u00e9cnica y Educaci\u00f3n Especial.<\/p>\n\n\n\n<figure class=\"wp-block-image size-full\"><img fetchpriority=\"high\" decoding=\"async\" width=\"750\" height=\"422\" src=\"https:\/\/www.elpolitologoyelpolitico.com.ar\/wp-content\/uploads\/2023\/05\/IMG-20230521-WA0007.jpg\" alt=\"\" class=\"wp-image-31044\" srcset=\"https:\/\/www.elpolitologoyelpolitico.com.ar\/wp-content\/uploads\/2023\/05\/IMG-20230521-WA0007.jpg 750w, https:\/\/www.elpolitologoyelpolitico.com.ar\/wp-content\/uploads\/2023\/05\/IMG-20230521-WA0007-300x169.jpg 300w\" sizes=\"(max-width: 750px) 100vw, 750px\" \/><\/figure>\n<div class=\"fb-background-color\">\n\t\t\t  <div \n\t\t\t  \tclass = \"fb-comments\" \n\t\t\t  \tdata-href = \"https:\/\/www.elpolitologoyelpolitico.com.ar\/wordpress\/2023\/05\/21\/referentes-de-educacion-se-reunieron-con-directivos-y-supervisiones\/\"\n\t\t\t  \tdata-numposts = \"10\"\n\t\t\t  \tdata-lazy = \"true\"\n\t\t\t\tdata-colorscheme = \"light\"\n\t\t\t\tdata-order-by = \"social\"\n\t\t\t\tdata-mobile=true>\n\t\t\t  <\/div><\/div>\n\t\t  <style>\n\t\t    .fb-background-color {\n\t\t\t\tbackground: #ffffff !important;\n\t\t\t}\n\t\t\t.fb_iframe_widget_fluid_desktop iframe {\n\t\t\t    width: 100% !important;\n\t\t\t}\n\t\t  <\/style>\n\t\t  ","protected":false},"excerpt":{"rendered":"<p>Una comitiva encabezada por el secretario de Educaci\u00f3n, Duilio Minieri, junto a las directoras de Educaci\u00f3n Primaria, Vanesa Padilla, de J\u00f3venes y Adultos, Marcela Strahl, y referentes del \u00e1rea de Estad\u00edsticas, se reunieron con supervisores y directivos de escuelas de la Regi\u00f3n Sur y Zona Andina para trabajar diferentes aspectos referidos a la tarea diaria [&hellip;]<\/p>\n","protected":false},"author":4,"featured_media":31043,"comment_status":"closed","ping_status":"closed","sticky":false,"template":"","format":"standard","meta":{"_joinchat":[],"footnotes":""},"categories":[4],"tags":[],"class_list":["post-31042","post","type-post","status-publish","format-standard","has-post-thumbnail","hentry","category-politicas-publicas"],"_links":{"self":[{"href":"https:\/\/www.elpolitologoyelpolitico.com.ar\/wordpress\/wp-json\/wp\/v2\/posts\/31042","targetHints":{"allow":["GET"]}}],"collection":[{"href":"https:\/\/www.elpolitologoyelpolitico.com.ar\/wordpress\/wp-json\/wp\/v2\/posts"}],"about":[{"href":"https:\/\/www.elpolitologoyelpolitico.com.ar\/wordpress\/wp-json\/wp\/v2\/types\/post"}],"author":[{"embeddable":true,"href":"https:\/\/www.elpolitologoyelpolitico.com.ar\/wordpress\/wp-json\/wp\/v2\/users\/4"}],"replies":[{"embeddable":true,"href":"https:\/\/www.elpolitologoyelpolitico.com.ar\/wordpress\/wp-json\/wp\/v2\/comments?post=31042"}],"version-history":[{"count":0,"href":"https:\/\/www.elpolitologoyelpolitico.com.ar\/wordpress\/wp-json\/wp\/v2\/posts\/31042\/revisions"}],"wp:featuredmedia":[{"embeddable":true,"href":"https:\/\/www.elpolitologoyelpolitico.com.ar\/wordpress\/wp-json\/wp\/v2\/media\/31043"}],"wp:attachment":[{"href":"https:\/\/www.elpolitologoyelpolitico.com.ar\/wordpress\/wp-json\/wp\/v2\/media?parent=31042"}],"wp:term":[{"taxonomy":"category","embeddable":true,"href":"https:\/\/www.elpolitologoyelpolitico.com.ar\/wordpress\/wp-json\/wp\/v2\/categories?post=31042"},{"taxonomy":"post_tag","embeddable":true,"href":"https:\/\/www.elpolitologoyelpolitico.com.ar\/wordpress\/wp-json\/wp\/v2\/tags?post=31042"}],"curies":[{"name":"wp","href":"https:\/\/api.w.org\/{rel}","templated":true}]}}