{"id":31037,"date":"2023-05-21T17:10:27","date_gmt":"2023-05-21T17:10:27","guid":{"rendered":"https:\/\/www.elpolitologoyelpolitico.com.ar\/wordpress\/?p=31037"},"modified":"2023-05-21T17:10:28","modified_gmt":"2023-05-21T17:10:28","slug":"avanza-la-etapa-local-de-los-juegos-bonaerenses-2023","status":"publish","type":"post","link":"https:\/\/www.elpolitologoyelpolitico.com.ar\/wordpress\/2023\/05\/21\/avanza-la-etapa-local-de-los-juegos-bonaerenses-2023\/","title":{"rendered":"Avanza la etapa local de los Juegos Bonaerenses 2023"},"content":{"rendered":"\n<p>Esta semana se dieron distintas competencias en el \u00e1mbito de los Juegos Bonaerenses. Mientras avanza en toda la provincia la etapa local, en la que los municipios desarrollan encuentros que van definiendo qui\u00e9nes ser\u00e1n los representantes en la segunda instancia, la regional.<\/p>\n\n\n\n<p>En el Partido de Patagones esta semana se concretaron diferentes actividades al respecto, entre ellas el encuentro de Ajedrez realizado en la localidad de Stroeder y partidos de F\u00fatbol en Carmen de Patagones y Villalonga.<\/p>\n\n\n\n<p>En la cancha de arena, ubicada en el Parque Piedrabuena de Patagones, tuvo lugar el F\u00fatbol Playa, donde chicos de la categor\u00eda Sub-18 disputaron un partido con miras a conseguir su lugar para continuar avanzando en los Juegos Bonaerenses.<\/p>\n\n\n\n<p>Por su parte, en la localidad de Villalonga tambi\u00e9n se disputaron partidos en las categor\u00edas sub-14 y sub-16, donde distintos equipos del Partido de Patagones, demostraron su capacidad futbol\u00edstica tambi\u00e9n en busca de su pasaje a la instancia regional de los Juegos Bonaerenses 2023.<\/p>\n\n\n\n<figure class=\"wp-block-gallery has-nested-images columns-default is-cropped wp-block-gallery-1 is-layout-flex wp-block-gallery-is-layout-flex\">\n<figure class=\"wp-block-image size-large\"><img fetchpriority=\"high\" decoding=\"async\" width=\"720\" height=\"540\" data-id=\"31039\" src=\"https:\/\/www.elpolitologoyelpolitico.com.ar\/wp-content\/uploads\/2023\/05\/IMG-20230521-WA0004.jpg\" alt=\"\" class=\"wp-image-31039\" srcset=\"https:\/\/www.elpolitologoyelpolitico.com.ar\/wp-content\/uploads\/2023\/05\/IMG-20230521-WA0004.jpg 720w, https:\/\/www.elpolitologoyelpolitico.com.ar\/wp-content\/uploads\/2023\/05\/IMG-20230521-WA0004-300x225.jpg 300w\" sizes=\"(max-width: 720px) 100vw, 720px\" \/><\/figure>\n\n\n\n<figure class=\"wp-block-image size-large\"><img decoding=\"async\" width=\"720\" height=\"405\" data-id=\"31040\" src=\"https:\/\/www.elpolitologoyelpolitico.com.ar\/wp-content\/uploads\/2023\/05\/IMG-20230521-WA0003.jpg\" alt=\"\" class=\"wp-image-31040\" srcset=\"https:\/\/www.elpolitologoyelpolitico.com.ar\/wp-content\/uploads\/2023\/05\/IMG-20230521-WA0003.jpg 720w, https:\/\/www.elpolitologoyelpolitico.com.ar\/wp-content\/uploads\/2023\/05\/IMG-20230521-WA0003-300x169.jpg 300w\" sizes=\"(max-width: 720px) 100vw, 720px\" \/><\/figure>\n<\/figure>\n<div class=\"fb-background-color\">\n\t\t\t  <div \n\t\t\t  \tclass = \"fb-comments\" \n\t\t\t  \tdata-href = \"https:\/\/www.elpolitologoyelpolitico.com.ar\/wordpress\/2023\/05\/21\/avanza-la-etapa-local-de-los-juegos-bonaerenses-2023\/\"\n\t\t\t  \tdata-numposts = \"10\"\n\t\t\t  \tdata-lazy = \"true\"\n\t\t\t\tdata-colorscheme = \"light\"\n\t\t\t\tdata-order-by = \"social\"\n\t\t\t\tdata-mobile=true>\n\t\t\t  <\/div><\/div>\n\t\t  <style>\n\t\t    .fb-background-color {\n\t\t\t\tbackground: #ffffff !important;\n\t\t\t}\n\t\t\t.fb_iframe_widget_fluid_desktop iframe {\n\t\t\t    width: 100% !important;\n\t\t\t}\n\t\t  <\/style>\n\t\t  ","protected":false},"excerpt":{"rendered":"<p>Esta semana se dieron distintas competencias en el \u00e1mbito de los Juegos Bonaerenses. Mientras avanza en toda la provincia la etapa local, en la que los municipios desarrollan encuentros que van definiendo qui\u00e9nes ser\u00e1n los representantes en la segunda instancia, la regional. En el Partido de Patagones esta semana se concretaron diferentes actividades al respecto, [&hellip;]<\/p>\n","protected":false},"author":4,"featured_media":31038,"comment_status":"closed","ping_status":"closed","sticky":false,"template":"","format":"standard","meta":{"_joinchat":[],"footnotes":""},"categories":[39],"tags":[],"class_list":["post-31037","post","type-post","status-publish","format-standard","has-post-thumbnail","hentry","category-en-esta-seccion"],"_links":{"self":[{"href":"https:\/\/www.elpolitologoyelpolitico.com.ar\/wordpress\/wp-json\/wp\/v2\/posts\/31037","targetHints":{"allow":["GET"]}}],"collection":[{"href":"https:\/\/www.elpolitologoyelpolitico.com.ar\/wordpress\/wp-json\/wp\/v2\/posts"}],"about":[{"href":"https:\/\/www.elpolitologoyelpolitico.com.ar\/wordpress\/wp-json\/wp\/v2\/types\/post"}],"author":[{"embeddable":true,"href":"https:\/\/www.elpolitologoyelpolitico.com.ar\/wordpress\/wp-json\/wp\/v2\/users\/4"}],"replies":[{"embeddable":true,"href":"https:\/\/www.elpolitologoyelpolitico.com.ar\/wordpress\/wp-json\/wp\/v2\/comments?post=31037"}],"version-history":[{"count":0,"href":"https:\/\/www.elpolitologoyelpolitico.com.ar\/wordpress\/wp-json\/wp\/v2\/posts\/31037\/revisions"}],"wp:featuredmedia":[{"embeddable":true,"href":"https:\/\/www.elpolitologoyelpolitico.com.ar\/wordpress\/wp-json\/wp\/v2\/media\/31038"}],"wp:attachment":[{"href":"https:\/\/www.elpolitologoyelpolitico.com.ar\/wordpress\/wp-json\/wp\/v2\/media?parent=31037"}],"wp:term":[{"taxonomy":"category","embeddable":true,"href":"https:\/\/www.elpolitologoyelpolitico.com.ar\/wordpress\/wp-json\/wp\/v2\/categories?post=31037"},{"taxonomy":"post_tag","embeddable":true,"href":"https:\/\/www.elpolitologoyelpolitico.com.ar\/wordpress\/wp-json\/wp\/v2\/tags?post=31037"}],"curies":[{"name":"wp","href":"https:\/\/api.w.org\/{rel}","templated":true}]}}