{"id":31034,"date":"2023-05-21T16:54:02","date_gmt":"2023-05-21T16:54:02","guid":{"rendered":"https:\/\/www.elpolitologoyelpolitico.com.ar\/wordpress\/?p=31034"},"modified":"2023-05-21T16:54:04","modified_gmt":"2023-05-21T16:54:04","slug":"los-locales-gastronomicos-de-viedma-podran-sumarse-al-sello-nacional-cocinar","status":"publish","type":"post","link":"https:\/\/www.elpolitologoyelpolitico.com.ar\/wordpress\/2023\/05\/21\/los-locales-gastronomicos-de-viedma-podran-sumarse-al-sello-nacional-cocinar\/","title":{"rendered":"Los locales gastron\u00f3micos de Viedma podr\u00e1n sumarse al sello nacional CocinAR"},"content":{"rendered":"\n<p>Hasta el 1 de junio se encuentra abierta la convocatoria a establecimientos gastron\u00f3micos de Viedma que deseen participar de la implementaci\u00f3n del sello CocinAR, una propuesta destinada a incrementar la competitividad del Turismo Gastron\u00f3mico local y profundizar en la creaci\u00f3n de productos identitarios para la regi\u00f3n.<\/p>\n\n\n\n<p>Se trata de una herramienta mediante la cual se busca trabajar junto a los espacios gastron\u00f3micos para reflejar la identidad regional a trav\u00e9s de sus platos, representando la cultura culinaria local.<\/p>\n\n\n\n<p>Esta iniciativa es impulsada por el Ministerio de Turismo y Deportes de la Naci\u00f3n y el Ministerio de Turismo de Rio Negro, con el acompa\u00f1amiento del gobierno de Viedma a trav\u00e9s de la Subsecretar\u00eda de Turismo.<\/p>\n\n\n\n<p>A trav\u00e9s de diferentes instancias, virtuales y presenciales, los establecimientos participantes adquirir\u00e1n una serie de criterios de calidad para aplicar en su labor cotidiana, destinados a la formaci\u00f3n del personal, as\u00ed como tambi\u00e9n a la satisfacci\u00f3n de las y los potenciales comensales.<\/p>\n\n\n\n<p>Una vez finalizado el programa y cumplidos los requisitos, los participantes recibir\u00e1n el distintivo Sello CocinAR \u2013 Cocina Argentina para ser exhibido en su espacio.<\/p>\n\n\n\n<p>Para inscribirse o recibir m\u00e1s informaci\u00f3n, los interesados deber\u00e1n comunicarse con el Ministerio de Turismo y Deporte al 2920480403 o escribir a calidadyfiscalizacion.mtrn@gmail.com.<\/p>\n<div class=\"fb-background-color\">\n\t\t\t  <div \n\t\t\t  \tclass = \"fb-comments\" \n\t\t\t  \tdata-href = \"https:\/\/www.elpolitologoyelpolitico.com.ar\/wordpress\/2023\/05\/21\/los-locales-gastronomicos-de-viedma-podran-sumarse-al-sello-nacional-cocinar\/\"\n\t\t\t  \tdata-numposts = \"10\"\n\t\t\t  \tdata-lazy = \"true\"\n\t\t\t\tdata-colorscheme = \"light\"\n\t\t\t\tdata-order-by = \"social\"\n\t\t\t\tdata-mobile=true>\n\t\t\t  <\/div><\/div>\n\t\t  <style>\n\t\t    .fb-background-color {\n\t\t\t\tbackground: #ffffff !important;\n\t\t\t}\n\t\t\t.fb_iframe_widget_fluid_desktop iframe {\n\t\t\t    width: 100% !important;\n\t\t\t}\n\t\t  <\/style>\n\t\t  ","protected":false},"excerpt":{"rendered":"<p>Hasta el 1 de junio se encuentra abierta la convocatoria a establecimientos gastron\u00f3micos de Viedma que deseen participar de la implementaci\u00f3n del sello CocinAR, una propuesta destinada a incrementar la competitividad del Turismo Gastron\u00f3mico local y profundizar en la creaci\u00f3n de productos identitarios para la regi\u00f3n. Se trata de una herramienta mediante la cual se [&hellip;]<\/p>\n","protected":false},"author":4,"featured_media":31035,"comment_status":"closed","ping_status":"closed","sticky":false,"template":"","format":"standard","meta":{"_joinchat":[],"footnotes":""},"categories":[39],"tags":[],"class_list":["post-31034","post","type-post","status-publish","format-standard","has-post-thumbnail","hentry","category-en-esta-seccion"],"_links":{"self":[{"href":"https:\/\/www.elpolitologoyelpolitico.com.ar\/wordpress\/wp-json\/wp\/v2\/posts\/31034","targetHints":{"allow":["GET"]}}],"collection":[{"href":"https:\/\/www.elpolitologoyelpolitico.com.ar\/wordpress\/wp-json\/wp\/v2\/posts"}],"about":[{"href":"https:\/\/www.elpolitologoyelpolitico.com.ar\/wordpress\/wp-json\/wp\/v2\/types\/post"}],"author":[{"embeddable":true,"href":"https:\/\/www.elpolitologoyelpolitico.com.ar\/wordpress\/wp-json\/wp\/v2\/users\/4"}],"replies":[{"embeddable":true,"href":"https:\/\/www.elpolitologoyelpolitico.com.ar\/wordpress\/wp-json\/wp\/v2\/comments?post=31034"}],"version-history":[{"count":0,"href":"https:\/\/www.elpolitologoyelpolitico.com.ar\/wordpress\/wp-json\/wp\/v2\/posts\/31034\/revisions"}],"wp:featuredmedia":[{"embeddable":true,"href":"https:\/\/www.elpolitologoyelpolitico.com.ar\/wordpress\/wp-json\/wp\/v2\/media\/31035"}],"wp:attachment":[{"href":"https:\/\/www.elpolitologoyelpolitico.com.ar\/wordpress\/wp-json\/wp\/v2\/media?parent=31034"}],"wp:term":[{"taxonomy":"category","embeddable":true,"href":"https:\/\/www.elpolitologoyelpolitico.com.ar\/wordpress\/wp-json\/wp\/v2\/categories?post=31034"},{"taxonomy":"post_tag","embeddable":true,"href":"https:\/\/www.elpolitologoyelpolitico.com.ar\/wordpress\/wp-json\/wp\/v2\/tags?post=31034"}],"curies":[{"name":"wp","href":"https:\/\/api.w.org\/{rel}","templated":true}]}}