{"id":31031,"date":"2023-05-21T00:37:10","date_gmt":"2023-05-21T00:37:10","guid":{"rendered":"https:\/\/www.elpolitologoyelpolitico.com.ar\/wordpress\/?p=31031"},"modified":"2023-05-21T00:37:11","modified_gmt":"2023-05-21T00:37:11","slug":"encontraron-a-sebastian-lambrech-en-guardia-mitre","status":"publish","type":"post","link":"https:\/\/www.elpolitologoyelpolitico.com.ar\/wordpress\/2023\/05\/21\/encontraron-a-sebastian-lambrech-en-guardia-mitre\/","title":{"rendered":"Encontraron a Sebasti\u00e1n Lambrech en Guardia Mitre"},"content":{"rendered":"\n<p>Seg\u00fan informaron los familiares de Sebasti\u00e1n, se comunicaron esta tarde con el adolescente y expres\u00f3 que se encontraba en buenas condiciones en Guardia Mitre.<\/p>\n\n\n\n<p>Su madre Marisa Albano, se comunico con sus compa\u00f1eras del hospital Zatti para contarle que el joven se habia comunicado con ella. Su papa, estaria viajando a buscarlo.<\/p>\n\n\n\n<p>Sebasti\u00e1n Lambrech, de 16 a\u00f1os, faltaba de su hogar desde ayer viernes, a las 8 de la ma\u00f1ana.<\/p>\n<div class=\"fb-background-color\">\n\t\t\t  <div \n\t\t\t  \tclass = \"fb-comments\" \n\t\t\t  \tdata-href = \"https:\/\/www.elpolitologoyelpolitico.com.ar\/wordpress\/2023\/05\/21\/encontraron-a-sebastian-lambrech-en-guardia-mitre\/\"\n\t\t\t  \tdata-numposts = \"10\"\n\t\t\t  \tdata-lazy = \"true\"\n\t\t\t\tdata-colorscheme = \"light\"\n\t\t\t\tdata-order-by = \"social\"\n\t\t\t\tdata-mobile=true>\n\t\t\t  <\/div><\/div>\n\t\t  <style>\n\t\t    .fb-background-color {\n\t\t\t\tbackground: #ffffff !important;\n\t\t\t}\n\t\t\t.fb_iframe_widget_fluid_desktop iframe {\n\t\t\t    width: 100% !important;\n\t\t\t}\n\t\t  <\/style>\n\t\t  ","protected":false},"excerpt":{"rendered":"<p>Seg\u00fan informaron los familiares de Sebasti\u00e1n, se comunicaron esta tarde con el adolescente y expres\u00f3 que se encontraba en buenas condiciones en Guardia Mitre. Su madre Marisa Albano, se comunico con sus compa\u00f1eras del hospital Zatti para contarle que el joven se habia comunicado con ella. Su papa, estaria viajando a buscarlo. Sebasti\u00e1n Lambrech, de [&hellip;]<\/p>\n","protected":false},"author":4,"featured_media":31032,"comment_status":"closed","ping_status":"closed","sticky":false,"template":"","format":"standard","meta":{"_joinchat":[],"footnotes":""},"categories":[39],"tags":[],"class_list":["post-31031","post","type-post","status-publish","format-standard","has-post-thumbnail","hentry","category-en-esta-seccion"],"_links":{"self":[{"href":"https:\/\/www.elpolitologoyelpolitico.com.ar\/wordpress\/wp-json\/wp\/v2\/posts\/31031","targetHints":{"allow":["GET"]}}],"collection":[{"href":"https:\/\/www.elpolitologoyelpolitico.com.ar\/wordpress\/wp-json\/wp\/v2\/posts"}],"about":[{"href":"https:\/\/www.elpolitologoyelpolitico.com.ar\/wordpress\/wp-json\/wp\/v2\/types\/post"}],"author":[{"embeddable":true,"href":"https:\/\/www.elpolitologoyelpolitico.com.ar\/wordpress\/wp-json\/wp\/v2\/users\/4"}],"replies":[{"embeddable":true,"href":"https:\/\/www.elpolitologoyelpolitico.com.ar\/wordpress\/wp-json\/wp\/v2\/comments?post=31031"}],"version-history":[{"count":0,"href":"https:\/\/www.elpolitologoyelpolitico.com.ar\/wordpress\/wp-json\/wp\/v2\/posts\/31031\/revisions"}],"wp:featuredmedia":[{"embeddable":true,"href":"https:\/\/www.elpolitologoyelpolitico.com.ar\/wordpress\/wp-json\/wp\/v2\/media\/31032"}],"wp:attachment":[{"href":"https:\/\/www.elpolitologoyelpolitico.com.ar\/wordpress\/wp-json\/wp\/v2\/media?parent=31031"}],"wp:term":[{"taxonomy":"category","embeddable":true,"href":"https:\/\/www.elpolitologoyelpolitico.com.ar\/wordpress\/wp-json\/wp\/v2\/categories?post=31031"},{"taxonomy":"post_tag","embeddable":true,"href":"https:\/\/www.elpolitologoyelpolitico.com.ar\/wordpress\/wp-json\/wp\/v2\/tags?post=31031"}],"curies":[{"name":"wp","href":"https:\/\/api.w.org\/{rel}","templated":true}]}}