{"id":31027,"date":"2023-05-21T00:28:13","date_gmt":"2023-05-21T00:28:13","guid":{"rendered":"https:\/\/www.elpolitologoyelpolitico.com.ar\/wordpress\/?p=31027"},"modified":"2023-05-21T00:28:57","modified_gmt":"2023-05-21T00:28:57","slug":"el-partido-obrero-y-el-mst-acuerdan-la-convocatoria-a-un-plenario-de-la-izquierda-y-proponen-la-formula-solano-ripoll","status":"publish","type":"post","link":"https:\/\/www.elpolitologoyelpolitico.com.ar\/wordpress\/2023\/05\/21\/el-partido-obrero-y-el-mst-acuerdan-la-convocatoria-a-un-plenario-de-la-izquierda-y-proponen-la-formula-solano-ripoll\/","title":{"rendered":"El Partido Obrero y el MST acuerdan la convocatoria a un Plenario de la izquierda y proponen la f\u00f3rmula Solano \u2013 Ripoll"},"content":{"rendered":"\n<p>En respectivas conferencias partidarias, el Partido Obrero y el Movimiento Socialista de los Trabajadores, ambos integrantes del Frente de Izquierda Unidad, acordamos en el d\u00eda de hoy la convocatoria a un plenario de deliberaci\u00f3n y resoluci\u00f3n de la izquierda y activismo que lucha en todo el pa\u00eds para resolver sobre la pol\u00edtica, el programa y las candidaturas de la izquierda y acordar una intervenci\u00f3n com\u00fan para impulsar las luchas populares. Desde ambas fuerzas, destacaron el llamado a todas las fuerzas del FITU, a las organizaciones populares y a referentes sociales e intelectuales que apoyan a nuestro frente, a participar del plenario, para impulsar una presentaci\u00f3n com\u00fan de la izquierda contra los bloques patronales responsables de la cat\u00e1strofe que vive el pa\u00eds.<\/p>\n\n\n\n<p>En este evento mencionado, propondremos constituir una lista com\u00fan para las elecciones sobre la base de defender al Frente de Izquierda Unidad como un polo de independencia de clase para luchar por un gobierno de los trabajadores y el socialismo. En la conciencia de que el Frente de Izquierda debe superar la condici\u00f3n de un frente meramente electoral para transformarse en un canal de movilizaci\u00f3n pol\u00edtica de los miles de compa\u00f1eras y compa\u00f1eros que est\u00e1n enfrentando el ajuste y que se movilizan en los barrios, los sindicatos, la juventud, y todos los movimientos de lucha.<\/p>\n\n\n\n<p>Adem\u00e1s de la f\u00f3rmula Gabriel Solano \u2013 Vilma Ripoll, el Partido Obrero y el MST acordaron llevar al plenario la propuesta de impulsar como Gobernador en la provincia de Buenos Aires a Alejandro Bodart, como diputado nacional a N\u00e9stor Pitrola y como Senadora a Romina Del Pl\u00e1. Y en Capital, como Jefa de Gobierno a Vanina Biasi, como Legisladora a Cele Fierro y como diputada nacional a Jesi Gentile.<\/p>\n\n\n\n<p>Gabriel Solano sostuvo: \u201cEl acuerdo al que llegamos con los compa\u00f1eros del MST tiene un enorme valor, porque vamos a convocar a un plenario de la izquierda y los luchadores populares, involucrando miles y miles de compa\u00f1eras y compa\u00f1eras para resolver y decidir sobre el programa y las candidaturas de la izquierda de cara a las pr\u00f3ximas elecciones nacionales. Estamos a tiempo, con este m\u00e9todo, de evitar las PASO y concentrar fuerzas en enfrentar a los responsables de haber llevado al pa\u00eds a esta crisis. Llamamos a las fuerzas que rechazaron esta propuesta a que revisen su posici\u00f3n. La izquierda no puede quedar reducida a una fuerza meramente electoral, debemos involucrar a los miles de compa\u00f1eras y compa\u00f1eros que est\u00e1n enfrentando el ajuste para ganar las calles y movilizarnos en los barrios y los lugares de trabajo por una alternativa\u201d.<\/p>\n\n\n\n<p>\u201cPara nosotros, la izquierda debe tener una pol\u00edtica totalmente independiente del kirchnerismo. El kirchnerismo es responsable central del saqueo capitalista que llevaron adelante todos los que nos han gobernado. Por eso venimos sosteniendo una pol\u00e9mica con Bregman y Del Ca\u00f1o, que representan una izquierda que se adapta permanentemente a los planteos de este sector. Si la izquierda se pega a estas variantes del r\u00e9gimen es muy dif\u00edcil que pueda enfrentar a Milei, quien crece, justamente, por el fracaso del peronismo en el poder y del macrismo. Queremos un congreso para darle fuerza a una izquierda independiente y de lucha por un gobierno de los trabajadores y el socialismo, contribuyendo a que los trabajadores intervengan en forma protag\u00f3nica en la crisis para abrir paso a una salida propia\u201d.<\/p>\n\n\n\n<p>Vilma Ripoll, en tanto, sostuvo: \u201cAvanzamos en este acuerdo muy positivo para profundizar una propuesta unitaria y democr\u00e1tica que venimos levantando hace tiempo; todo lo que haya que resolver en el Frente de Izquierda Unidad sea a trav\u00e9s del debate masivo y la participaci\u00f3n real de miles de trabajadoras, trabajadores y j\u00f3venes, tanto militantes como simpatizantes y organizaciones amigas del frente, por eso impulsamos ahora en com\u00fan un gran plenario. Le decimos al resto del frente que no hay que tener miedo al debate colectivo, todo lo contrario, debatir y decidir entre miles fortalece a la izquierda y al frente, lamentablemente los compa\u00f1eros del PTS hasta ahora se niegan a este camino y se encierran en sus propias precandidaturas, algo que es equivocado y divide. Esperamos que reflexionen y cambien\u201d.<\/p>\n\n\n\n<p>\u201cLa crisis del pa\u00eds es responsabilidad del gobierno peronista que legaliz\u00f3 la estafa macrista con el FMI, es decir que hay responsabilidad compartida, de los que gobiernan hoy y gobernaron ayer, en la p\u00e9rdida de soberan\u00eda y aumento de la pobreza. Y Cristina Kirchner no puede decir que no tiene nada que ver, porque es vicepresidenta y avala a Massa de ministro, quien encabeza las medidas de ajuste. Por eso convocamos a miles de decepcionados a sumarse a la izquierda, a dejar de lado la falsa ideolog\u00eda del mal menor, que en realidad es un mal mayor que no soluciona nada. Y por eso mismo el FIT Unidad tiene que evolucionar de un frente electoral a algo mucho mejor, para estar preparados para lo que viene que es m\u00e1s ajuste y represi\u00f3n, por eso hay que involucrar a la militancia y abrirnos a miles de luchadores obreros, populares y de la juventud que simpatizan con el frente\u201d.<\/p>\n\n\n\n<p>Finalmente, el PO y el MST anunciaron la convocatoria a una Conferencia de Prensa el pr\u00f3ximo martes a las 14hs, donde presentar\u00e1n el conjunto de las precandidaturas y todas las propuestas.<\/p>\n<div class=\"fb-background-color\">\n\t\t\t  <div \n\t\t\t  \tclass = \"fb-comments\" \n\t\t\t  \tdata-href = \"https:\/\/www.elpolitologoyelpolitico.com.ar\/wordpress\/2023\/05\/21\/el-partido-obrero-y-el-mst-acuerdan-la-convocatoria-a-un-plenario-de-la-izquierda-y-proponen-la-formula-solano-ripoll\/\"\n\t\t\t  \tdata-numposts = \"10\"\n\t\t\t  \tdata-lazy = \"true\"\n\t\t\t\tdata-colorscheme = \"light\"\n\t\t\t\tdata-order-by = \"social\"\n\t\t\t\tdata-mobile=true>\n\t\t\t  <\/div><\/div>\n\t\t  <style>\n\t\t    .fb-background-color {\n\t\t\t\tbackground: #ffffff !important;\n\t\t\t}\n\t\t\t.fb_iframe_widget_fluid_desktop iframe {\n\t\t\t    width: 100% !important;\n\t\t\t}\n\t\t  <\/style>\n\t\t  ","protected":false},"excerpt":{"rendered":"<p>En respectivas conferencias partidarias, el Partido Obrero y el Movimiento Socialista de los Trabajadores, ambos integrantes del Frente de Izquierda Unidad, acordamos en el d\u00eda de hoy la convocatoria a un plenario de deliberaci\u00f3n y resoluci\u00f3n de la izquierda y activismo que lucha en todo el pa\u00eds para resolver sobre la pol\u00edtica, el programa y [&hellip;]<\/p>\n","protected":false},"author":4,"featured_media":31028,"comment_status":"closed","ping_status":"closed","sticky":false,"template":"","format":"standard","meta":{"_joinchat":[],"footnotes":""},"categories":[38],"tags":[],"class_list":["post-31027","post","type-post","status-publish","format-standard","has-post-thumbnail","hentry","category-elecciones"],"_links":{"self":[{"href":"https:\/\/www.elpolitologoyelpolitico.com.ar\/wordpress\/wp-json\/wp\/v2\/posts\/31027","targetHints":{"allow":["GET"]}}],"collection":[{"href":"https:\/\/www.elpolitologoyelpolitico.com.ar\/wordpress\/wp-json\/wp\/v2\/posts"}],"about":[{"href":"https:\/\/www.elpolitologoyelpolitico.com.ar\/wordpress\/wp-json\/wp\/v2\/types\/post"}],"author":[{"embeddable":true,"href":"https:\/\/www.elpolitologoyelpolitico.com.ar\/wordpress\/wp-json\/wp\/v2\/users\/4"}],"replies":[{"embeddable":true,"href":"https:\/\/www.elpolitologoyelpolitico.com.ar\/wordpress\/wp-json\/wp\/v2\/comments?post=31027"}],"version-history":[{"count":0,"href":"https:\/\/www.elpolitologoyelpolitico.com.ar\/wordpress\/wp-json\/wp\/v2\/posts\/31027\/revisions"}],"wp:featuredmedia":[{"embeddable":true,"href":"https:\/\/www.elpolitologoyelpolitico.com.ar\/wordpress\/wp-json\/wp\/v2\/media\/31028"}],"wp:attachment":[{"href":"https:\/\/www.elpolitologoyelpolitico.com.ar\/wordpress\/wp-json\/wp\/v2\/media?parent=31027"}],"wp:term":[{"taxonomy":"category","embeddable":true,"href":"https:\/\/www.elpolitologoyelpolitico.com.ar\/wordpress\/wp-json\/wp\/v2\/categories?post=31027"},{"taxonomy":"post_tag","embeddable":true,"href":"https:\/\/www.elpolitologoyelpolitico.com.ar\/wordpress\/wp-json\/wp\/v2\/tags?post=31027"}],"curies":[{"name":"wp","href":"https:\/\/api.w.org\/{rel}","templated":true}]}}