{"id":31022,"date":"2023-05-21T00:16:36","date_gmt":"2023-05-21T00:16:36","guid":{"rendered":"https:\/\/www.elpolitologoyelpolitico.com.ar\/wordpress\/?p=31022"},"modified":"2023-05-21T00:16:37","modified_gmt":"2023-05-21T00:16:37","slug":"impulsan-mayor-participacion-de-inmigrantes-en-actividades-culturales-y-sociales-de-viedma","status":"publish","type":"post","link":"https:\/\/www.elpolitologoyelpolitico.com.ar\/wordpress\/2023\/05\/21\/impulsan-mayor-participacion-de-inmigrantes-en-actividades-culturales-y-sociales-de-viedma\/","title":{"rendered":"Impulsan mayor participaci\u00f3n de inmigrantes en actividades culturales y sociales de Viedma"},"content":{"rendered":"\n<p>El gobierno de Viedma propici\u00f3 una reuni\u00f3n con integrantes de la Asociaci\u00f3n de Colectividades Extranjeras de Viedma, con el objetivo de aunar criterios que signifiquen una mayor participaci\u00f3n de los inmigrantes en las actividades sociales y culturales de la ciudad.<\/p>\n\n\n\n<p>La reuni\u00f3n fue encabezada por el jefe de gabinete de la Municipalidad Marcos Castro, quien estuvo acompa\u00f1ado por el delegado de la Direcci\u00f3n Nacional de Inmigraciones del Estado Federal Federico D\u00edaz.<\/p>\n\n\n\n<p>Del encuentro participaron la presidenta de la entidad que nuclea a las colectividades Mirica Bezic y dem\u00e1s integrantes. Se inform\u00f3 la incorporaci\u00f3n a la asociaci\u00f3n viedmense de nuevas colectividades, con referentes de los estados de Israel, Filipinas y Kirguist\u00e1n.<\/p>\n\n\n\n<p>Y se programaron actividades para que en un acto oficial a realizarse en la Plaza de los Inmigrantes, se icen las banderas de estos pa\u00edses.<br>Marcos Castro agradeci\u00f3 la presencia de las colectividades y felicit\u00f3 el trabajo de la asociaci\u00f3n que en Viedma logr\u00f3 reunir a provenientes de 22 pa\u00edses.<\/p>\n\n\n\n<p>Se propusieron adem\u00e1s distintas acciones que permitan visibilizar la actividad de la entidad, como la de habilitar espacios p\u00fablicos para toda la comunidad en la que los inmigrantes puedan mostrar sus costumbres, h\u00e1bitos y platos, de forma mas peri\u00f3dica, independientemente del D\u00eda del Inmigrante que se celebra el 4 de septiembre.<\/p>\n\n\n\n<p>\u00abEsta reuni\u00f3n es un paso importante para fortalecer los lazos entre el gobierno y las colectividades extranjeras, para seguir trabajando juntos para promover una mayor participaci\u00f3n de los inmigrantes en nuestra comunidad y valorar su riqueza cultural\u00bb, dijo el jefe de Gabinete Marcos Castro.<\/p>\n\n\n\n<p>El funcionario traslad\u00f3 el reconocimiento del intendente Pedro Pesatti al \u00abarduo trabajo que han realizado para reunir a personas provenientes de diferentes pa\u00edses en nuestra ciudad\u00bb.<\/p>\n\n\n\n<p>\u00abQueremos que toda la comunidad pueda apreciar y aprender de las distintas culturas presentes en Viedma\u00bb, finaliz\u00f3 Castro.<\/p>\n\n\n\n<figure class=\"wp-block-gallery has-nested-images columns-default is-cropped wp-block-gallery-1 is-layout-flex wp-block-gallery-is-layout-flex\">\n<figure class=\"wp-block-image size-large\"><img fetchpriority=\"high\" decoding=\"async\" width=\"720\" height=\"540\" data-id=\"31024\" src=\"https:\/\/www.elpolitologoyelpolitico.com.ar\/wp-content\/uploads\/2023\/05\/IMG-20230520-WA0042.jpg\" alt=\"\" class=\"wp-image-31024\" srcset=\"https:\/\/www.elpolitologoyelpolitico.com.ar\/wp-content\/uploads\/2023\/05\/IMG-20230520-WA0042.jpg 720w, https:\/\/www.elpolitologoyelpolitico.com.ar\/wp-content\/uploads\/2023\/05\/IMG-20230520-WA0042-300x225.jpg 300w\" sizes=\"(max-width: 720px) 100vw, 720px\" \/><\/figure>\n\n\n\n<figure class=\"wp-block-image size-large\"><img decoding=\"async\" width=\"720\" height=\"540\" data-id=\"31025\" src=\"https:\/\/www.elpolitologoyelpolitico.com.ar\/wp-content\/uploads\/2023\/05\/IMG-20230520-WA0044.jpg\" alt=\"\" class=\"wp-image-31025\" srcset=\"https:\/\/www.elpolitologoyelpolitico.com.ar\/wp-content\/uploads\/2023\/05\/IMG-20230520-WA0044.jpg 720w, https:\/\/www.elpolitologoyelpolitico.com.ar\/wp-content\/uploads\/2023\/05\/IMG-20230520-WA0044-300x225.jpg 300w\" sizes=\"(max-width: 720px) 100vw, 720px\" \/><\/figure>\n<\/figure>\n<div class=\"fb-background-color\">\n\t\t\t  <div \n\t\t\t  \tclass = \"fb-comments\" \n\t\t\t  \tdata-href = \"https:\/\/www.elpolitologoyelpolitico.com.ar\/wordpress\/2023\/05\/21\/impulsan-mayor-participacion-de-inmigrantes-en-actividades-culturales-y-sociales-de-viedma\/\"\n\t\t\t  \tdata-numposts = \"10\"\n\t\t\t  \tdata-lazy = \"true\"\n\t\t\t\tdata-colorscheme = \"light\"\n\t\t\t\tdata-order-by = \"social\"\n\t\t\t\tdata-mobile=true>\n\t\t\t  <\/div><\/div>\n\t\t  <style>\n\t\t    .fb-background-color {\n\t\t\t\tbackground: #ffffff !important;\n\t\t\t}\n\t\t\t.fb_iframe_widget_fluid_desktop iframe {\n\t\t\t    width: 100% !important;\n\t\t\t}\n\t\t  <\/style>\n\t\t  ","protected":false},"excerpt":{"rendered":"<p>El gobierno de Viedma propici\u00f3 una reuni\u00f3n con integrantes de la Asociaci\u00f3n de Colectividades Extranjeras de Viedma, con el objetivo de aunar criterios que signifiquen una mayor participaci\u00f3n de los inmigrantes en las actividades sociales y culturales de la ciudad. La reuni\u00f3n fue encabezada por el jefe de gabinete de la Municipalidad Marcos Castro, quien [&hellip;]<\/p>\n","protected":false},"author":4,"featured_media":31023,"comment_status":"closed","ping_status":"closed","sticky":false,"template":"","format":"standard","meta":{"_joinchat":[],"footnotes":""},"categories":[4],"tags":[],"class_list":["post-31022","post","type-post","status-publish","format-standard","has-post-thumbnail","hentry","category-politicas-publicas"],"_links":{"self":[{"href":"https:\/\/www.elpolitologoyelpolitico.com.ar\/wordpress\/wp-json\/wp\/v2\/posts\/31022","targetHints":{"allow":["GET"]}}],"collection":[{"href":"https:\/\/www.elpolitologoyelpolitico.com.ar\/wordpress\/wp-json\/wp\/v2\/posts"}],"about":[{"href":"https:\/\/www.elpolitologoyelpolitico.com.ar\/wordpress\/wp-json\/wp\/v2\/types\/post"}],"author":[{"embeddable":true,"href":"https:\/\/www.elpolitologoyelpolitico.com.ar\/wordpress\/wp-json\/wp\/v2\/users\/4"}],"replies":[{"embeddable":true,"href":"https:\/\/www.elpolitologoyelpolitico.com.ar\/wordpress\/wp-json\/wp\/v2\/comments?post=31022"}],"version-history":[{"count":0,"href":"https:\/\/www.elpolitologoyelpolitico.com.ar\/wordpress\/wp-json\/wp\/v2\/posts\/31022\/revisions"}],"wp:featuredmedia":[{"embeddable":true,"href":"https:\/\/www.elpolitologoyelpolitico.com.ar\/wordpress\/wp-json\/wp\/v2\/media\/31023"}],"wp:attachment":[{"href":"https:\/\/www.elpolitologoyelpolitico.com.ar\/wordpress\/wp-json\/wp\/v2\/media?parent=31022"}],"wp:term":[{"taxonomy":"category","embeddable":true,"href":"https:\/\/www.elpolitologoyelpolitico.com.ar\/wordpress\/wp-json\/wp\/v2\/categories?post=31022"},{"taxonomy":"post_tag","embeddable":true,"href":"https:\/\/www.elpolitologoyelpolitico.com.ar\/wordpress\/wp-json\/wp\/v2\/tags?post=31022"}],"curies":[{"name":"wp","href":"https:\/\/api.w.org\/{rel}","templated":true}]}}