{"id":31018,"date":"2023-05-21T00:03:25","date_gmt":"2023-05-21T00:03:25","guid":{"rendered":"https:\/\/www.elpolitologoyelpolitico.com.ar\/wordpress\/?p=31018"},"modified":"2023-05-21T00:03:27","modified_gmt":"2023-05-21T00:03:27","slug":"jornada-de-castracion-gratuita-de-mascotas-en-el-barrio-virgen-del-rosario","status":"publish","type":"post","link":"https:\/\/www.elpolitologoyelpolitico.com.ar\/wordpress\/2023\/05\/21\/jornada-de-castracion-gratuita-de-mascotas-en-el-barrio-virgen-del-rosario\/","title":{"rendered":"Jornada de castraci\u00f3n gratuita de mascotas en el barrio Virgen del Rosario"},"content":{"rendered":"\n<p>Con muy buena repercusi\u00f3n, se llev\u00f3 adelante la jornada de castraci\u00f3n gratuita de mascotas en Carmen de Patagones.<\/p>\n\n\n\n<p>Tal como estaba previsto, el servicio fue para el barrio Virgen del Rosario, donde se concretaron unas 25 intervenciones, se aplicaron vacunas antirr\u00e1bicas y se entregaron antiparasitarios.<\/p>\n\n\n\n<p>Desde el \u00e1rea de Coordinaci\u00f3n de Programas Sanitarios destacaron el trabajo en conjunto con la Comisi\u00f3n de Fomento del barrio y la labor de la profesional a cargo de las operaciones, Evelyn Kohls, junto al equipo de Zoonosis.<\/p>\n\n\n\n<p>La pr\u00f3xima semana, el servicio se trasladar\u00e1 al barrio Bicentenario, los d\u00edas martes y mi\u00e9rcoles.<\/p>\n\n\n\n<figure class=\"wp-block-image size-full\"><img fetchpriority=\"high\" decoding=\"async\" width=\"720\" height=\"962\" src=\"https:\/\/www.elpolitologoyelpolitico.com.ar\/wp-content\/uploads\/2023\/05\/IMG-20230520-WA0040.jpg\" alt=\"\" class=\"wp-image-31020\" srcset=\"https:\/\/www.elpolitologoyelpolitico.com.ar\/wp-content\/uploads\/2023\/05\/IMG-20230520-WA0040.jpg 720w, https:\/\/www.elpolitologoyelpolitico.com.ar\/wp-content\/uploads\/2023\/05\/IMG-20230520-WA0040-225x300.jpg 225w\" sizes=\"(max-width: 720px) 100vw, 720px\" \/><\/figure>\n<div class=\"fb-background-color\">\n\t\t\t  <div \n\t\t\t  \tclass = \"fb-comments\" \n\t\t\t  \tdata-href = \"https:\/\/www.elpolitologoyelpolitico.com.ar\/wordpress\/2023\/05\/21\/jornada-de-castracion-gratuita-de-mascotas-en-el-barrio-virgen-del-rosario\/\"\n\t\t\t  \tdata-numposts = \"10\"\n\t\t\t  \tdata-lazy = \"true\"\n\t\t\t\tdata-colorscheme = \"light\"\n\t\t\t\tdata-order-by = \"social\"\n\t\t\t\tdata-mobile=true>\n\t\t\t  <\/div><\/div>\n\t\t  <style>\n\t\t    .fb-background-color {\n\t\t\t\tbackground: #ffffff !important;\n\t\t\t}\n\t\t\t.fb_iframe_widget_fluid_desktop iframe {\n\t\t\t    width: 100% !important;\n\t\t\t}\n\t\t  <\/style>\n\t\t  ","protected":false},"excerpt":{"rendered":"<p>Con muy buena repercusi\u00f3n, se llev\u00f3 adelante la jornada de castraci\u00f3n gratuita de mascotas en Carmen de Patagones. Tal como estaba previsto, el servicio fue para el barrio Virgen del Rosario, donde se concretaron unas 25 intervenciones, se aplicaron vacunas antirr\u00e1bicas y se entregaron antiparasitarios. Desde el \u00e1rea de Coordinaci\u00f3n de Programas Sanitarios destacaron el [&hellip;]<\/p>\n","protected":false},"author":4,"featured_media":31019,"comment_status":"closed","ping_status":"closed","sticky":false,"template":"","format":"standard","meta":{"_joinchat":[],"footnotes":""},"categories":[4],"tags":[],"class_list":["post-31018","post","type-post","status-publish","format-standard","has-post-thumbnail","hentry","category-politicas-publicas"],"_links":{"self":[{"href":"https:\/\/www.elpolitologoyelpolitico.com.ar\/wordpress\/wp-json\/wp\/v2\/posts\/31018","targetHints":{"allow":["GET"]}}],"collection":[{"href":"https:\/\/www.elpolitologoyelpolitico.com.ar\/wordpress\/wp-json\/wp\/v2\/posts"}],"about":[{"href":"https:\/\/www.elpolitologoyelpolitico.com.ar\/wordpress\/wp-json\/wp\/v2\/types\/post"}],"author":[{"embeddable":true,"href":"https:\/\/www.elpolitologoyelpolitico.com.ar\/wordpress\/wp-json\/wp\/v2\/users\/4"}],"replies":[{"embeddable":true,"href":"https:\/\/www.elpolitologoyelpolitico.com.ar\/wordpress\/wp-json\/wp\/v2\/comments?post=31018"}],"version-history":[{"count":0,"href":"https:\/\/www.elpolitologoyelpolitico.com.ar\/wordpress\/wp-json\/wp\/v2\/posts\/31018\/revisions"}],"wp:featuredmedia":[{"embeddable":true,"href":"https:\/\/www.elpolitologoyelpolitico.com.ar\/wordpress\/wp-json\/wp\/v2\/media\/31019"}],"wp:attachment":[{"href":"https:\/\/www.elpolitologoyelpolitico.com.ar\/wordpress\/wp-json\/wp\/v2\/media?parent=31018"}],"wp:term":[{"taxonomy":"category","embeddable":true,"href":"https:\/\/www.elpolitologoyelpolitico.com.ar\/wordpress\/wp-json\/wp\/v2\/categories?post=31018"},{"taxonomy":"post_tag","embeddable":true,"href":"https:\/\/www.elpolitologoyelpolitico.com.ar\/wordpress\/wp-json\/wp\/v2\/tags?post=31018"}],"curies":[{"name":"wp","href":"https:\/\/api.w.org\/{rel}","templated":true}]}}