{"id":31015,"date":"2023-05-20T23:50:41","date_gmt":"2023-05-20T23:50:41","guid":{"rendered":"https:\/\/www.elpolitologoyelpolitico.com.ar\/wordpress\/?p=31015"},"modified":"2023-05-20T23:50:44","modified_gmt":"2023-05-20T23:50:44","slug":"viedma-continua-con-las-gestiones-para-la-implementacion-del-registro-oficial-de-casas-y-departamentos-de-alquiler-turistico","status":"publish","type":"post","link":"https:\/\/www.elpolitologoyelpolitico.com.ar\/wordpress\/2023\/05\/20\/viedma-continua-con-las-gestiones-para-la-implementacion-del-registro-oficial-de-casas-y-departamentos-de-alquiler-turistico\/","title":{"rendered":"Viedma contin\u00faa con las gestiones para la implementaci\u00f3n del Registro Oficial de Casas y Departamentos de Alquiler Tur\u00edstico."},"content":{"rendered":"\n<p>El Gobierno de Viedma, a trav\u00e9s de la Subsecretar\u00eda de Turismo, contin\u00faa con las gestiones relacionadas a la formalizaci\u00f3n del Registro Oficial de Casas y Departamentos de Alquiler Tur\u00edstico.<\/p>\n\n\n\n<p>En este sentido se llev\u00f3 adelante una reuni\u00f3n donde se trataron diversos temas relacionados a la Ordenanza que regula los Permisos Tur\u00edsticos que deben gestionar los propietarios que cuentan con una o dos casas\/departamentos de alquiler tur\u00edstico.<\/p>\n\n\n\n<p>Con vistas a la pr\u00f3xima temporada estival, el \u00e1rea de turismo se encuentra realizando un trabajo de sensibilizaci\u00f3n con propietarios de alojamientos extraoficiales donde se explica la metodolog\u00eda y los requisitos para obtener el Permiso Tur\u00edstico y se exponen los beneficios de formar parte de la oferta formal del destino.<\/p>\n\n\n\n<p>De la reuni\u00f3n participaron el Subsecretario de Turismo Sergio Rodr\u00edguez, el Subsecretario de Protecci\u00f3n Ciudadana Jos\u00e9 Flores y Marco Magnanelli, Subsecretario de El C\u00f3ndor y la costa atl\u00e1ntica.&nbsp;<\/p>\n\n\n\n<p>Al respecto Rodriguez expres\u00f3 que \u201cel trabajo en conjunto acelerar\u00e1 la concreci\u00f3n del Registro oficial de casas de alquiler tur\u00edsticos, ampliando considerablemente las plazas del destino y sumando seguridad en cada alojamiento\u201d.<\/p>\n\n\n\n<p>Asimismo, agreg\u00f3 que \u201cla posibilidad de contar con un permiso tur\u00edstico gratuito es una herramienta que aporta oportunidades de negocio, mayor difusi\u00f3n y posibilidad de acceder a l\u00edneas de cr\u00e9ditos provinciales o nacionales, para quienes regularicen sus establecimiento\u201d<br>Para m\u00e1s informaci\u00f3n los interesados deber\u00e1n acercarse a la Subsecretar\u00eda de Turismo \u2013 Av Francisco de Viedma 51- o comunicarse por tel\u00e9fono o whatsapp al 2920369651 de 8.00 a 14.00 hs.<\/p>\n<div class=\"fb-background-color\">\n\t\t\t  <div \n\t\t\t  \tclass = \"fb-comments\" \n\t\t\t  \tdata-href = \"https:\/\/www.elpolitologoyelpolitico.com.ar\/wordpress\/2023\/05\/20\/viedma-continua-con-las-gestiones-para-la-implementacion-del-registro-oficial-de-casas-y-departamentos-de-alquiler-turistico\/\"\n\t\t\t  \tdata-numposts = \"10\"\n\t\t\t  \tdata-lazy = \"true\"\n\t\t\t\tdata-colorscheme = \"light\"\n\t\t\t\tdata-order-by = \"social\"\n\t\t\t\tdata-mobile=true>\n\t\t\t  <\/div><\/div>\n\t\t  <style>\n\t\t    .fb-background-color {\n\t\t\t\tbackground: #ffffff !important;\n\t\t\t}\n\t\t\t.fb_iframe_widget_fluid_desktop iframe {\n\t\t\t    width: 100% !important;\n\t\t\t}\n\t\t  <\/style>\n\t\t  ","protected":false},"excerpt":{"rendered":"<p>El Gobierno de Viedma, a trav\u00e9s de la Subsecretar\u00eda de Turismo, contin\u00faa con las gestiones relacionadas a la formalizaci\u00f3n del Registro Oficial de Casas y Departamentos de Alquiler Tur\u00edstico. En este sentido se llev\u00f3 adelante una reuni\u00f3n donde se trataron diversos temas relacionados a la Ordenanza que regula los Permisos Tur\u00edsticos que deben gestionar los [&hellip;]<\/p>\n","protected":false},"author":4,"featured_media":31016,"comment_status":"closed","ping_status":"closed","sticky":false,"template":"","format":"standard","meta":{"_joinchat":[],"footnotes":""},"categories":[4],"tags":[],"class_list":["post-31015","post","type-post","status-publish","format-standard","has-post-thumbnail","hentry","category-politicas-publicas"],"_links":{"self":[{"href":"https:\/\/www.elpolitologoyelpolitico.com.ar\/wordpress\/wp-json\/wp\/v2\/posts\/31015","targetHints":{"allow":["GET"]}}],"collection":[{"href":"https:\/\/www.elpolitologoyelpolitico.com.ar\/wordpress\/wp-json\/wp\/v2\/posts"}],"about":[{"href":"https:\/\/www.elpolitologoyelpolitico.com.ar\/wordpress\/wp-json\/wp\/v2\/types\/post"}],"author":[{"embeddable":true,"href":"https:\/\/www.elpolitologoyelpolitico.com.ar\/wordpress\/wp-json\/wp\/v2\/users\/4"}],"replies":[{"embeddable":true,"href":"https:\/\/www.elpolitologoyelpolitico.com.ar\/wordpress\/wp-json\/wp\/v2\/comments?post=31015"}],"version-history":[{"count":0,"href":"https:\/\/www.elpolitologoyelpolitico.com.ar\/wordpress\/wp-json\/wp\/v2\/posts\/31015\/revisions"}],"wp:featuredmedia":[{"embeddable":true,"href":"https:\/\/www.elpolitologoyelpolitico.com.ar\/wordpress\/wp-json\/wp\/v2\/media\/31016"}],"wp:attachment":[{"href":"https:\/\/www.elpolitologoyelpolitico.com.ar\/wordpress\/wp-json\/wp\/v2\/media?parent=31015"}],"wp:term":[{"taxonomy":"category","embeddable":true,"href":"https:\/\/www.elpolitologoyelpolitico.com.ar\/wordpress\/wp-json\/wp\/v2\/categories?post=31015"},{"taxonomy":"post_tag","embeddable":true,"href":"https:\/\/www.elpolitologoyelpolitico.com.ar\/wordpress\/wp-json\/wp\/v2\/tags?post=31015"}],"curies":[{"name":"wp","href":"https:\/\/api.w.org\/{rel}","templated":true}]}}