{"id":31009,"date":"2023-05-20T21:13:54","date_gmt":"2023-05-20T21:13:54","guid":{"rendered":"https:\/\/www.elpolitologoyelpolitico.com.ar\/wordpress\/?p=31009"},"modified":"2023-05-20T21:13:56","modified_gmt":"2023-05-20T21:13:56","slug":"carreras-y-cafiero-cerraron-el-foro-global-de-hidrogeno-verde-en-bariloche","status":"publish","type":"post","link":"https:\/\/www.elpolitologoyelpolitico.com.ar\/wordpress\/2023\/05\/20\/carreras-y-cafiero-cerraron-el-foro-global-de-hidrogeno-verde-en-bariloche\/","title":{"rendered":"Carreras y Cafiero cerraron el Foro Global de Hidr\u00f3geno Verde en Bariloche"},"content":{"rendered":"\n<p>La Gobernadora Arabela Carreras presidi\u00f3 este viernes el cierre del Foro Global de Hidr\u00f3geno Verde, que desde ayer sesion\u00f3 en Bariloche con referentes del sector de todo el mundo, y junto al canciller Santiago Cafiero y el CEO de la organizaci\u00f3n suiza del sector GH2, Jonas Moberg, destacaron el \u00e9xito del evento con miras a una cercana producci\u00f3n y provisi\u00f3n en escala del combustible llamado a combatir el cambio clim\u00e1tico y descarbonizar el planeta.<\/p>\n\n\n\n<p>Carreras introdujo el panel de cierre agradeciendo el esfuerzo de Cafiero por llegar para el cierre del evento internacional y comparti\u00f3 con Moberg la satisfacci\u00f3n del foro que cont\u00f3 con una gran diversidad de presentaciones del sector p\u00fablico y privado, y cuya organizaci\u00f3n estuvo principalmente a cargo del Gobierno de R\u00edo Negro y la Green Hydrogen Organization (GH2).<br>Cafiero comparti\u00f3 expresiones de anteriores disertantes sobre el enorme potencial que tiene Argentina y R\u00edo Negro en la producci\u00f3n de hidr\u00f3geno verde, y aludi\u00f3 al contexto internacional de incertidumbre que vive el mundo, con graves problemas en Europa con las cadenas de suministros por la guerra.<\/p>\n\n\n\n<p>Dijo que estas crisis no son nuevas sino que se remontan d\u00e9cadas, citando entre otros hitos cr\u00edticos para todo el mundo a la debacle financiera de 2008 que afect\u00f3 gravemente al comercio internacional.<\/p>\n\n\n\n<p>Cuestion\u00f3 la carrera armamentista del mundo y otros inconvenientes relativos a los conflictos, y dijo que sin embargo siempre subsistieron acuerdos entre pa\u00edses para trabajar en la agenda de la transici\u00f3n energ\u00e9tica y energ\u00edas renovables.<\/p>\n\n\n\n<p>\u201cHoy tenemos que observar con m\u00e1s involucramiento el cambio clim\u00e1tico y lo hacemos en un mundo en tensi\u00f3n, polarizado, que exige la b\u00fasqueda de alternativas, un mundo polarizado que brinda oportunidades a pa\u00edses como el nuestro. Y Argentina tiene un rol clave para jugar\u201d, sostuvo.<\/p>\n\n\n\n<p>Agreg\u00f3 que para ello el pa\u00eds cuenta con los recursos naturales y humanos, el capital social, y con un entramado cient\u00edfico y tecnol\u00f3gico de vanguardia, ejemplificando que Bariloche tiene la mayor cantidad de cient\u00edficos por metro cuadrado m\u00e1s grande de Latinoam\u00e9rica.<\/p>\n\n\n\n<p>\u201cPor eso haremos ac\u00e1 la Expo 2027, enfocada en la tecnolog\u00eda y naturaleza, con este proyecto m\u00e1s innovador del hidr\u00f3geno verde, un abordaje distinto a futuro\u201d, afirm\u00f3, en referencia al encuentro internacional de pa\u00edses para el que Argentina postula como sede a Bariloche.<\/p>\n\n\n\n<p>Aludi\u00f3 a las recurrentes crisis argentinas con el peso y el d\u00f3lar, y dijo que adem\u00e1s de ir contra el cambio clim\u00e1tico y la contaminaci\u00f3n, y a favor de las inversiones y el empleo, la industria del hidr\u00f3geno verde pone al pa\u00eds como exportador, ingresando divisas, y generando desarrollo para toda la poblaci\u00f3n.<\/p>\n\n\n\n<p>\u201cEl hidr\u00f3geno verde para nos es estrat\u00e9gico, necesario, y ser\u00e1 imperdonable si no lo hacemos\u201d, sostuvo.<\/p>\n\n\n\n<p>A su vez Moberg comparti\u00f3 con la Gobernadora la alegr\u00eda por el logro del foro, con la calidad de las exposiciones de empresarios, cient\u00edficos, funcionarios p\u00fablicos y otros actores de la industria del hidr\u00f3geno.<\/p>\n\n\n\n<p>Celebr\u00f3 la \u201cdeterminaci\u00f3n\u201d expresada por la secretaria de Energ\u00eda Flavia Roy\u00f3n y el propio Cafiero con respecto al env\u00edo a la Presidencia del proyecto de ley de marco regulatorio de esta industria, demandado desde el a\u00f1o pasado por los sectores p\u00fablico y privado, instando a todos a \u201ccambiar la forma de hacer las cosas\u201d.<\/p>\n\n\n\n<p>Destac\u00f3 fuertemente el trabajo entre el Gobierno de R\u00edo Negro y la organizaci\u00f3n GH2 para avanzar juntos con estos cambios y se\u00f1al\u00f3: \u201ctenemos que darnos cuenta que juntos tenemos las soluciones y debemos hacer que funcionen para todos\u201d.<\/p>\n\n\n\n<p>\u201cArgentina tiene una gran oportunidad con el hidr\u00f3geno verde y expresa la intenci\u00f3n de poner ac\u00e1 una prioridad absoluta, el pa\u00eds seguir\u00e1 ese camino y lo har\u00e1 con fuerza. Ahora esta trabajando en las normas y mostrar\u00e1 cu\u00e1les son las leyes mejores\u201d, dijo.<\/p>\n\n\n\n<p>Agreg\u00f3 que el pa\u00eds y las empresas deben trabajar tambi\u00e9n con las instituciones financieras para hacer realidad los proyectos y vaticin\u00f3 que en 2027 \u201cvolveremos a encontrarnos ac\u00e1 cuando todo esto est\u00e9 despegando\u201d.<\/p>\n\n\n\n<p>El Foro Global de Hidr\u00f3geno Verde se extendi\u00f3 entre el jueves y viernes en el hotel Llao Llao y super\u00f3 ampliamente las expectativas de convocatoria, y cont\u00f3 con representantes la Uni\u00f3n Europea, Reino Unido, Australia, Pa\u00edses Bajos, Israel, Alemania, Rumania, Rep\u00fablica Checa, Corea, Islandia, Estados Unidos, Brasil, Uruguay, Chile y Guatemala.<\/p>\n\n\n\n<p>En los paneles expusieron importantes empresas internacionales como CWP Global, CAF, Y-Tec, Siemens, Fichtner, Pan American Energy, Acindar, VMC, PREAR y PTX; e instituciones comprometidas con la agenda verde mundial como la Agencia Internacional de Energ\u00eda Renovable, el Instituto Fraunhofer, INVAP, Fundaci\u00f3n Bariloche, CONICET, CNEA, CEARE, IRAM, y Giz.<\/p>\n\n\n\n<p>El foro tambi\u00e9n recibi\u00f3 un fuerte apoyo de YPF, Banco Patagonia, Genneia, Toyota, Abo Wind, Shell y Fortescue Future Industries, esta \u00faltima instalada en la provincia de R\u00edo Negro con un proyecto en marcha para producir hidr\u00f3geno verde, que demandar\u00e1 una inversi\u00f3n de 8.400 millones de d\u00f3lares.<\/p>\n\n\n\n<figure class=\"wp-block-gallery has-nested-images columns-default is-cropped wp-block-gallery-1 is-layout-flex wp-block-gallery-is-layout-flex\">\n<figure class=\"wp-block-image size-large\"><img fetchpriority=\"high\" decoding=\"async\" width=\"1024\" height=\"682\" data-id=\"31012\" src=\"https:\/\/www.elpolitologoyelpolitico.com.ar\/wp-content\/uploads\/2023\/05\/IMG-20230520-WA0037-1024x682.jpg\" alt=\"\" class=\"wp-image-31012\" srcset=\"https:\/\/www.elpolitologoyelpolitico.com.ar\/wp-content\/uploads\/2023\/05\/IMG-20230520-WA0037-1024x682.jpg 1024w, https:\/\/www.elpolitologoyelpolitico.com.ar\/wp-content\/uploads\/2023\/05\/IMG-20230520-WA0037-300x200.jpg 300w, https:\/\/www.elpolitologoyelpolitico.com.ar\/wp-content\/uploads\/2023\/05\/IMG-20230520-WA0037-768x512.jpg 768w, https:\/\/www.elpolitologoyelpolitico.com.ar\/wp-content\/uploads\/2023\/05\/IMG-20230520-WA0037.jpg 1280w\" sizes=\"(max-width: 1024px) 100vw, 1024px\" \/><\/figure>\n\n\n\n<figure class=\"wp-block-image size-large\"><img decoding=\"async\" width=\"1024\" height=\"721\" data-id=\"31013\" src=\"https:\/\/www.elpolitologoyelpolitico.com.ar\/wp-content\/uploads\/2023\/05\/IMG-20230520-WA0039-1024x721.jpg\" alt=\"\" class=\"wp-image-31013\" srcset=\"https:\/\/www.elpolitologoyelpolitico.com.ar\/wp-content\/uploads\/2023\/05\/IMG-20230520-WA0039-1024x721.jpg 1024w, https:\/\/www.elpolitologoyelpolitico.com.ar\/wp-content\/uploads\/2023\/05\/IMG-20230520-WA0039-300x211.jpg 300w, https:\/\/www.elpolitologoyelpolitico.com.ar\/wp-content\/uploads\/2023\/05\/IMG-20230520-WA0039-768x541.jpg 768w, https:\/\/www.elpolitologoyelpolitico.com.ar\/wp-content\/uploads\/2023\/05\/IMG-20230520-WA0039.jpg 1280w\" sizes=\"(max-width: 1024px) 100vw, 1024px\" \/><\/figure>\n<\/figure>\n<div class=\"fb-background-color\">\n\t\t\t  <div \n\t\t\t  \tclass = \"fb-comments\" \n\t\t\t  \tdata-href = \"https:\/\/www.elpolitologoyelpolitico.com.ar\/wordpress\/2023\/05\/20\/carreras-y-cafiero-cerraron-el-foro-global-de-hidrogeno-verde-en-bariloche\/\"\n\t\t\t  \tdata-numposts = \"10\"\n\t\t\t  \tdata-lazy = \"true\"\n\t\t\t\tdata-colorscheme = \"light\"\n\t\t\t\tdata-order-by = \"social\"\n\t\t\t\tdata-mobile=true>\n\t\t\t  <\/div><\/div>\n\t\t  <style>\n\t\t    .fb-background-color {\n\t\t\t\tbackground: #ffffff !important;\n\t\t\t}\n\t\t\t.fb_iframe_widget_fluid_desktop iframe {\n\t\t\t    width: 100% !important;\n\t\t\t}\n\t\t  <\/style>\n\t\t  ","protected":false},"excerpt":{"rendered":"<p>La Gobernadora Arabela Carreras presidi\u00f3 este viernes el cierre del Foro Global de Hidr\u00f3geno Verde, que desde ayer sesion\u00f3 en Bariloche con referentes del sector de todo el mundo, y junto al canciller Santiago Cafiero y el CEO de la organizaci\u00f3n suiza del sector GH2, Jonas Moberg, destacaron el \u00e9xito del evento con miras a [&hellip;]<\/p>\n","protected":false},"author":4,"featured_media":31010,"comment_status":"closed","ping_status":"closed","sticky":false,"template":"","format":"standard","meta":{"_joinchat":[],"footnotes":""},"categories":[4],"tags":[],"class_list":["post-31009","post","type-post","status-publish","format-standard","has-post-thumbnail","hentry","category-politicas-publicas"],"_links":{"self":[{"href":"https:\/\/www.elpolitologoyelpolitico.com.ar\/wordpress\/wp-json\/wp\/v2\/posts\/31009","targetHints":{"allow":["GET"]}}],"collection":[{"href":"https:\/\/www.elpolitologoyelpolitico.com.ar\/wordpress\/wp-json\/wp\/v2\/posts"}],"about":[{"href":"https:\/\/www.elpolitologoyelpolitico.com.ar\/wordpress\/wp-json\/wp\/v2\/types\/post"}],"author":[{"embeddable":true,"href":"https:\/\/www.elpolitologoyelpolitico.com.ar\/wordpress\/wp-json\/wp\/v2\/users\/4"}],"replies":[{"embeddable":true,"href":"https:\/\/www.elpolitologoyelpolitico.com.ar\/wordpress\/wp-json\/wp\/v2\/comments?post=31009"}],"version-history":[{"count":0,"href":"https:\/\/www.elpolitologoyelpolitico.com.ar\/wordpress\/wp-json\/wp\/v2\/posts\/31009\/revisions"}],"wp:featuredmedia":[{"embeddable":true,"href":"https:\/\/www.elpolitologoyelpolitico.com.ar\/wordpress\/wp-json\/wp\/v2\/media\/31010"}],"wp:attachment":[{"href":"https:\/\/www.elpolitologoyelpolitico.com.ar\/wordpress\/wp-json\/wp\/v2\/media?parent=31009"}],"wp:term":[{"taxonomy":"category","embeddable":true,"href":"https:\/\/www.elpolitologoyelpolitico.com.ar\/wordpress\/wp-json\/wp\/v2\/categories?post=31009"},{"taxonomy":"post_tag","embeddable":true,"href":"https:\/\/www.elpolitologoyelpolitico.com.ar\/wordpress\/wp-json\/wp\/v2\/tags?post=31009"}],"curies":[{"name":"wp","href":"https:\/\/api.w.org\/{rel}","templated":true}]}}