{"id":31006,"date":"2023-05-20T16:17:48","date_gmt":"2023-05-20T16:17:48","guid":{"rendered":"https:\/\/www.elpolitologoyelpolitico.com.ar\/wordpress\/?p=31006"},"modified":"2023-05-20T16:17:51","modified_gmt":"2023-05-20T16:17:51","slug":"desaparecieron-tres-jovenes-en-viedma-se-trata-de-dar-con-el-paradero-por-toda-la-patagonia","status":"publish","type":"post","link":"https:\/\/www.elpolitologoyelpolitico.com.ar\/wordpress\/2023\/05\/20\/desaparecieron-tres-jovenes-en-viedma-se-trata-de-dar-con-el-paradero-por-toda-la-patagonia\/","title":{"rendered":"Desaparecieron tres jovenes en Viedma; Se trata de dar con el paradero por toda la Patagonia"},"content":{"rendered":"\n<p>Uno de ellos es Sebasti\u00e1n Lambrech, hijo de la secretaria general de ASSPUR Marisa Albano. Cualquier informaci\u00f3n comunicarse al 2920348909<\/p>\n\n\n\n<p>La polic\u00eda y la justicia de Viedma buscan a tres j\u00f3venes que desaparecieron en la capital rionegrina. Uno de ellos es Sebasti\u00e1n Lambrech, un adolescente de 16 a\u00f1os e hijo de Marisa Albano, secretaria general del gremio ASSPUR. Seg\u00fan se\u00f1al\u00f3, se encuentra desaparecido desde ayer a las 8 de la ma\u00f1ana.<\/p>\n\n\n\n<p>Sebasti\u00e1n tiene una altura de 1,70 metros y ojos color miel, fue visto por \u00faltima vez vistiendo pantal\u00f3n negro, campera negra con una inscripci\u00f3n dorada en la espalda con el logotipo \u00abLamborg\u00bb, una mochila negra y una gorra negra.<\/p>\n\n\n\n<p>Seg\u00fan el comunicado oficial emitido por ASSPUR, la madre de Sebasti\u00e1n, Maria Albano, quien tambi\u00e9n es referente del gremio en R\u00edo Negro, inform\u00f3 que el \u00faltimo contacto con su hijo fue ayer al mediod\u00eda. En ese momento, Sebasti\u00e1n se reuni\u00f3 con dos amigos en una vivienda con la intenci\u00f3n de realizar reparaciones en su motocicleta, y hab\u00edan planeado salir a pasear a alg\u00fan lugar, incluida la posibilidad de ir a Bah\u00eda San Blas.<\/p>\n\n\n\n<p>Ante la preocupaci\u00f3n por la desaparici\u00f3n de Sebasti\u00e1n, ASSPUR insta a cualquier persona que posea informaci\u00f3n relevante sobre su paradero a comunicarse al n\u00famero de contacto: 292034890.<\/p>\n\n\n\n<p>La familia y la organizaci\u00f3n sindical est\u00e1n desesperados por obtener cualquier dato que pueda ayudar a localizar a Sebasti\u00e1n Lambrech y sus amigos para asegurar su regreso seguro a casa. Cualquier informaci\u00f3n, por m\u00ednima que sea, puede ser vital para encontrarlo y brindar tranquilidad a sus seres queridos.<\/p>\n<div class=\"fb-background-color\">\n\t\t\t  <div \n\t\t\t  \tclass = \"fb-comments\" \n\t\t\t  \tdata-href = \"https:\/\/www.elpolitologoyelpolitico.com.ar\/wordpress\/2023\/05\/20\/desaparecieron-tres-jovenes-en-viedma-se-trata-de-dar-con-el-paradero-por-toda-la-patagonia\/\"\n\t\t\t  \tdata-numposts = \"10\"\n\t\t\t  \tdata-lazy = \"true\"\n\t\t\t\tdata-colorscheme = \"light\"\n\t\t\t\tdata-order-by = \"social\"\n\t\t\t\tdata-mobile=true>\n\t\t\t  <\/div><\/div>\n\t\t  <style>\n\t\t    .fb-background-color {\n\t\t\t\tbackground: #ffffff !important;\n\t\t\t}\n\t\t\t.fb_iframe_widget_fluid_desktop iframe {\n\t\t\t    width: 100% !important;\n\t\t\t}\n\t\t  <\/style>\n\t\t  ","protected":false},"excerpt":{"rendered":"<p>Uno de ellos es Sebasti\u00e1n Lambrech, hijo de la secretaria general de ASSPUR Marisa Albano. Cualquier informaci\u00f3n comunicarse al 2920348909 La polic\u00eda y la justicia de Viedma buscan a tres j\u00f3venes que desaparecieron en la capital rionegrina. Uno de ellos es Sebasti\u00e1n Lambrech, un adolescente de 16 a\u00f1os e hijo de Marisa Albano, secretaria general [&hellip;]<\/p>\n","protected":false},"author":4,"featured_media":31007,"comment_status":"closed","ping_status":"closed","sticky":false,"template":"","format":"standard","meta":{"_joinchat":[],"footnotes":""},"categories":[39],"tags":[],"class_list":["post-31006","post","type-post","status-publish","format-standard","has-post-thumbnail","hentry","category-en-esta-seccion"],"_links":{"self":[{"href":"https:\/\/www.elpolitologoyelpolitico.com.ar\/wordpress\/wp-json\/wp\/v2\/posts\/31006","targetHints":{"allow":["GET"]}}],"collection":[{"href":"https:\/\/www.elpolitologoyelpolitico.com.ar\/wordpress\/wp-json\/wp\/v2\/posts"}],"about":[{"href":"https:\/\/www.elpolitologoyelpolitico.com.ar\/wordpress\/wp-json\/wp\/v2\/types\/post"}],"author":[{"embeddable":true,"href":"https:\/\/www.elpolitologoyelpolitico.com.ar\/wordpress\/wp-json\/wp\/v2\/users\/4"}],"replies":[{"embeddable":true,"href":"https:\/\/www.elpolitologoyelpolitico.com.ar\/wordpress\/wp-json\/wp\/v2\/comments?post=31006"}],"version-history":[{"count":0,"href":"https:\/\/www.elpolitologoyelpolitico.com.ar\/wordpress\/wp-json\/wp\/v2\/posts\/31006\/revisions"}],"wp:featuredmedia":[{"embeddable":true,"href":"https:\/\/www.elpolitologoyelpolitico.com.ar\/wordpress\/wp-json\/wp\/v2\/media\/31007"}],"wp:attachment":[{"href":"https:\/\/www.elpolitologoyelpolitico.com.ar\/wordpress\/wp-json\/wp\/v2\/media?parent=31006"}],"wp:term":[{"taxonomy":"category","embeddable":true,"href":"https:\/\/www.elpolitologoyelpolitico.com.ar\/wordpress\/wp-json\/wp\/v2\/categories?post=31006"},{"taxonomy":"post_tag","embeddable":true,"href":"https:\/\/www.elpolitologoyelpolitico.com.ar\/wordpress\/wp-json\/wp\/v2\/tags?post=31006"}],"curies":[{"name":"wp","href":"https:\/\/api.w.org\/{rel}","templated":true}]}}