{"id":30998,"date":"2023-05-20T16:00:46","date_gmt":"2023-05-20T16:00:46","guid":{"rendered":"https:\/\/www.elpolitologoyelpolitico.com.ar\/wordpress\/?p=30998"},"modified":"2023-05-20T16:00:48","modified_gmt":"2023-05-20T16:00:48","slug":"debido-a-la-renuncia-de-los-arbitros-de-la-asociacion-de-arbitros-de-futbol-de-viedma-se-supenden-varios-partidos-en-patagones","status":"publish","type":"post","link":"https:\/\/www.elpolitologoyelpolitico.com.ar\/wordpress\/2023\/05\/20\/debido-a-la-renuncia-de-los-arbitros-de-la-asociacion-de-arbitros-de-futbol-de-viedma-se-supenden-varios-partidos-en-patagones\/","title":{"rendered":"Debido a la renuncia de los arbitros de la Asociaci\u00f3n de \u00c1rbitros de Futbol de Viedma se supenden varios partidos en Patagones"},"content":{"rendered":"\n<p>Estaba todo programado para que se juegue una nueva fecha del Torneo Apertura de Patagones 2023.<\/p>\n\n\n\n<p>Pero, tras la renuncia de los \u00e1rbitros que pertenecen a la Asociaci\u00f3n de \u00c1rbitros de Futbol de Viedma (ADAF) en donde comunicaron que no continuar\u00e1n dirigiendo en el futbol barrial de Patagones, se decidi\u00f3 desdoblar la Fecha 3 de Primera y Segunda Divisi\u00f3n en dos fines de semana.<\/p>\n\n\n\n<p>La 3ra Fecha de Veteranos, por su parte, se jugar\u00e1 completa este domingo 21.<\/p>\n\n\n\n<p>Asimismo, las autoridades de la Asociaci\u00f3n de Clubes Barriales de f\u00fatbol de Patagones, se encuentran trabajando en la b\u00fasqueda de ternas arbitrales para lograr cubrir la gran cantidad de partidos que se disputa cada fin de semana.<\/p>\n\n\n\n<p>Tambien, se convoca a los \u00e1rbitros interesados que est\u00e9n en actividad y quieran arbitrar en el Torneo.<\/p>\n\n\n\n<p>La Fecha 3 se jugar\u00e1 de esta manera:<\/p>\n\n\n\n<figure class=\"wp-block-image size-full\"><img fetchpriority=\"high\" decoding=\"async\" width=\"720\" height=\"725\" src=\"https:\/\/www.elpolitologoyelpolitico.com.ar\/wp-content\/uploads\/2023\/05\/IMG-20230520-WA0004.jpg\" alt=\"\" class=\"wp-image-31000\" srcset=\"https:\/\/www.elpolitologoyelpolitico.com.ar\/wp-content\/uploads\/2023\/05\/IMG-20230520-WA0004.jpg 720w, https:\/\/www.elpolitologoyelpolitico.com.ar\/wp-content\/uploads\/2023\/05\/IMG-20230520-WA0004-298x300.jpg 298w, https:\/\/www.elpolitologoyelpolitico.com.ar\/wp-content\/uploads\/2023\/05\/IMG-20230520-WA0004-150x150.jpg 150w\" sizes=\"(max-width: 720px) 100vw, 720px\" \/><\/figure>\n<div class=\"fb-background-color\">\n\t\t\t  <div \n\t\t\t  \tclass = \"fb-comments\" \n\t\t\t  \tdata-href = \"https:\/\/www.elpolitologoyelpolitico.com.ar\/wordpress\/2023\/05\/20\/debido-a-la-renuncia-de-los-arbitros-de-la-asociacion-de-arbitros-de-futbol-de-viedma-se-supenden-varios-partidos-en-patagones\/\"\n\t\t\t  \tdata-numposts = \"10\"\n\t\t\t  \tdata-lazy = \"true\"\n\t\t\t\tdata-colorscheme = \"light\"\n\t\t\t\tdata-order-by = \"social\"\n\t\t\t\tdata-mobile=true>\n\t\t\t  <\/div><\/div>\n\t\t  <style>\n\t\t    .fb-background-color {\n\t\t\t\tbackground: #ffffff !important;\n\t\t\t}\n\t\t\t.fb_iframe_widget_fluid_desktop iframe {\n\t\t\t    width: 100% !important;\n\t\t\t}\n\t\t  <\/style>\n\t\t  ","protected":false},"excerpt":{"rendered":"<p>Estaba todo programado para que se juegue una nueva fecha del Torneo Apertura de Patagones 2023. Pero, tras la renuncia de los \u00e1rbitros que pertenecen a la Asociaci\u00f3n de \u00c1rbitros de Futbol de Viedma (ADAF) en donde comunicaron que no continuar\u00e1n dirigiendo en el futbol barrial de Patagones, se decidi\u00f3 desdoblar la Fecha 3 de [&hellip;]<\/p>\n","protected":false},"author":4,"featured_media":30999,"comment_status":"closed","ping_status":"closed","sticky":false,"template":"","format":"standard","meta":{"_joinchat":[],"footnotes":""},"categories":[39],"tags":[],"class_list":["post-30998","post","type-post","status-publish","format-standard","has-post-thumbnail","hentry","category-en-esta-seccion"],"_links":{"self":[{"href":"https:\/\/www.elpolitologoyelpolitico.com.ar\/wordpress\/wp-json\/wp\/v2\/posts\/30998","targetHints":{"allow":["GET"]}}],"collection":[{"href":"https:\/\/www.elpolitologoyelpolitico.com.ar\/wordpress\/wp-json\/wp\/v2\/posts"}],"about":[{"href":"https:\/\/www.elpolitologoyelpolitico.com.ar\/wordpress\/wp-json\/wp\/v2\/types\/post"}],"author":[{"embeddable":true,"href":"https:\/\/www.elpolitologoyelpolitico.com.ar\/wordpress\/wp-json\/wp\/v2\/users\/4"}],"replies":[{"embeddable":true,"href":"https:\/\/www.elpolitologoyelpolitico.com.ar\/wordpress\/wp-json\/wp\/v2\/comments?post=30998"}],"version-history":[{"count":0,"href":"https:\/\/www.elpolitologoyelpolitico.com.ar\/wordpress\/wp-json\/wp\/v2\/posts\/30998\/revisions"}],"wp:featuredmedia":[{"embeddable":true,"href":"https:\/\/www.elpolitologoyelpolitico.com.ar\/wordpress\/wp-json\/wp\/v2\/media\/30999"}],"wp:attachment":[{"href":"https:\/\/www.elpolitologoyelpolitico.com.ar\/wordpress\/wp-json\/wp\/v2\/media?parent=30998"}],"wp:term":[{"taxonomy":"category","embeddable":true,"href":"https:\/\/www.elpolitologoyelpolitico.com.ar\/wordpress\/wp-json\/wp\/v2\/categories?post=30998"},{"taxonomy":"post_tag","embeddable":true,"href":"https:\/\/www.elpolitologoyelpolitico.com.ar\/wordpress\/wp-json\/wp\/v2\/tags?post=30998"}],"curies":[{"name":"wp","href":"https:\/\/api.w.org\/{rel}","templated":true}]}}