{"id":30994,"date":"2023-05-20T15:50:24","date_gmt":"2023-05-20T15:50:24","guid":{"rendered":"https:\/\/www.elpolitologoyelpolitico.com.ar\/wordpress\/?p=30994"},"modified":"2023-05-20T15:50:25","modified_gmt":"2023-05-20T15:50:25","slug":"ciclo-de-conciertos-por-el-mes-aniversario-de-villalonga","status":"publish","type":"post","link":"https:\/\/www.elpolitologoyelpolitico.com.ar\/wordpress\/2023\/05\/20\/ciclo-de-conciertos-por-el-mes-aniversario-de-villalonga\/","title":{"rendered":"Ciclo de conciertos por el mes aniversario de Villalonga"},"content":{"rendered":"\n<p>Este viernes se realiz\u00f3 la primera jornada del ciclo de conciertos que se planificaron con motivo del mes aniversario de la localidad de Villalonga.<\/p>\n\n\n\n<p>En ese marco, se concretaron dos presentaciones con alumnos de la Escuela Primaria N\u00b012 \u00abNuestra Se\u00f1ora Del Carmen\u00bb y en la Escuela Media N\u00b01 \u00abPaso Alsina\u00bb, como espectadores, junto a sus docentes.<\/p>\n\n\n\n<p>La primera edici\u00f3n tuvo la destacable actuaci\u00f3n de la Agrupaci\u00f3n Coral del Sur Padre Ram\u00edrez Urtasun, que atrap\u00f3 la atenci\u00f3n de los estudiantes con un amplio repertorio.<\/p>\n\n\n\n<p>Estuvo presente la delegada municipal, Valeria M\u00e9ndez y el Director de Cultura, Vicente Paredes.<\/p>\n\n\n\n<figure class=\"wp-block-image size-full\"><img fetchpriority=\"high\" decoding=\"async\" width=\"768\" height=\"1024\" src=\"https:\/\/www.elpolitologoyelpolitico.com.ar\/wp-content\/uploads\/2023\/05\/IMG-20230520-WA0001.jpg\" alt=\"\" class=\"wp-image-30996\" srcset=\"https:\/\/www.elpolitologoyelpolitico.com.ar\/wp-content\/uploads\/2023\/05\/IMG-20230520-WA0001.jpg 768w, https:\/\/www.elpolitologoyelpolitico.com.ar\/wp-content\/uploads\/2023\/05\/IMG-20230520-WA0001-225x300.jpg 225w\" sizes=\"(max-width: 768px) 100vw, 768px\" \/><\/figure>\n<div class=\"fb-background-color\">\n\t\t\t  <div \n\t\t\t  \tclass = \"fb-comments\" \n\t\t\t  \tdata-href = \"https:\/\/www.elpolitologoyelpolitico.com.ar\/wordpress\/2023\/05\/20\/ciclo-de-conciertos-por-el-mes-aniversario-de-villalonga\/\"\n\t\t\t  \tdata-numposts = \"10\"\n\t\t\t  \tdata-lazy = \"true\"\n\t\t\t\tdata-colorscheme = \"light\"\n\t\t\t\tdata-order-by = \"social\"\n\t\t\t\tdata-mobile=true>\n\t\t\t  <\/div><\/div>\n\t\t  <style>\n\t\t    .fb-background-color {\n\t\t\t\tbackground: #ffffff !important;\n\t\t\t}\n\t\t\t.fb_iframe_widget_fluid_desktop iframe {\n\t\t\t    width: 100% !important;\n\t\t\t}\n\t\t  <\/style>\n\t\t  ","protected":false},"excerpt":{"rendered":"<p>Este viernes se realiz\u00f3 la primera jornada del ciclo de conciertos que se planificaron con motivo del mes aniversario de la localidad de Villalonga. En ese marco, se concretaron dos presentaciones con alumnos de la Escuela Primaria N\u00b012 \u00abNuestra Se\u00f1ora Del Carmen\u00bb y en la Escuela Media N\u00b01 \u00abPaso Alsina\u00bb, como espectadores, junto a sus [&hellip;]<\/p>\n","protected":false},"author":4,"featured_media":30995,"comment_status":"closed","ping_status":"closed","sticky":false,"template":"","format":"standard","meta":{"_joinchat":[],"footnotes":""},"categories":[39],"tags":[],"class_list":["post-30994","post","type-post","status-publish","format-standard","has-post-thumbnail","hentry","category-en-esta-seccion"],"_links":{"self":[{"href":"https:\/\/www.elpolitologoyelpolitico.com.ar\/wordpress\/wp-json\/wp\/v2\/posts\/30994","targetHints":{"allow":["GET"]}}],"collection":[{"href":"https:\/\/www.elpolitologoyelpolitico.com.ar\/wordpress\/wp-json\/wp\/v2\/posts"}],"about":[{"href":"https:\/\/www.elpolitologoyelpolitico.com.ar\/wordpress\/wp-json\/wp\/v2\/types\/post"}],"author":[{"embeddable":true,"href":"https:\/\/www.elpolitologoyelpolitico.com.ar\/wordpress\/wp-json\/wp\/v2\/users\/4"}],"replies":[{"embeddable":true,"href":"https:\/\/www.elpolitologoyelpolitico.com.ar\/wordpress\/wp-json\/wp\/v2\/comments?post=30994"}],"version-history":[{"count":0,"href":"https:\/\/www.elpolitologoyelpolitico.com.ar\/wordpress\/wp-json\/wp\/v2\/posts\/30994\/revisions"}],"wp:featuredmedia":[{"embeddable":true,"href":"https:\/\/www.elpolitologoyelpolitico.com.ar\/wordpress\/wp-json\/wp\/v2\/media\/30995"}],"wp:attachment":[{"href":"https:\/\/www.elpolitologoyelpolitico.com.ar\/wordpress\/wp-json\/wp\/v2\/media?parent=30994"}],"wp:term":[{"taxonomy":"category","embeddable":true,"href":"https:\/\/www.elpolitologoyelpolitico.com.ar\/wordpress\/wp-json\/wp\/v2\/categories?post=30994"},{"taxonomy":"post_tag","embeddable":true,"href":"https:\/\/www.elpolitologoyelpolitico.com.ar\/wordpress\/wp-json\/wp\/v2\/tags?post=30994"}],"curies":[{"name":"wp","href":"https:\/\/api.w.org\/{rel}","templated":true}]}}