{"id":30979,"date":"2023-05-19T21:41:39","date_gmt":"2023-05-19T21:41:39","guid":{"rendered":"https:\/\/www.elpolitologoyelpolitico.com.ar\/wordpress\/?p=30979"},"modified":"2023-05-19T21:41:40","modified_gmt":"2023-05-19T21:41:40","slug":"el-sorprendente-gigante-de-rio-negro-deslumbro-en-cipolletti","status":"publish","type":"post","link":"https:\/\/www.elpolitologoyelpolitico.com.ar\/wordpress\/2023\/05\/19\/el-sorprendente-gigante-de-rio-negro-deslumbro-en-cipolletti\/","title":{"rendered":"El sorprendente Gigante de R\u00edo Negro deslumbr\u00f3 en Cipolletti"},"content":{"rendered":"\n<p>Con la sala del Complejo Cultural Cipolletti a oscuras y sonidos del Cret\u00e1cico de fondo, apareci\u00f3 en escena el \u201cChucarosaurus Diripienda\u201d, con una animaci\u00f3n que sorprendi\u00f3 al p\u00fablico presente.<\/p>\n\n\n\n<p>Al finalizar el montaje sonoro y visual, que se extendi\u00f3 durante unos veinte minutos, quedaron iluminados los f\u00f3siles que conformaban sus extremidades y que fascinaron al p\u00fablico con su gran tama\u00f1o: dos metros de alto y 300 kg. de peso.<\/p>\n\n\n\n<p>La presentaci\u00f3n tuvo lugar este jueves, en una conferencia de prensa presidida por el intendente de Cipolletti, Claudio Di Tella y el secretario de Estado de Cultura de R\u00edo Negro, Ariel Avalos, quien sostuvo \u201cpara nosotros es un motivo de orgullo y una gran alegr\u00eda este tipo de hallazgos, sobre todo hoy, que se conmemora el D\u00eda Internacional de los Museos. Estos temas nos sirven para generar conciencia de que los museos son mucho m\u00e1s que un lugar donde se guardan cosas\u201d.<\/p>\n\n\n\n<p>En la oportunidad Federico Agnolin, Doctor en Paleontolog\u00eda involucrado en el descubrimiento de los f\u00f3siles, dio detalles del proceso y del animal, que habitaba la Patagonia hace unos 90 millones de a\u00f1os, pesaba entre 40 a 50 toneladas y med\u00eda unos 30 metros de longitud. Adem\u00e1s, brind\u00f3 un panorama de otros f\u00f3siles encontrados en la zona de la Reserva Natural Pueblo Blanco y destac\u00f3 la colaboraci\u00f3n de organismos p\u00fablicos con el sector privado para que esto sea posible.<\/p>\n\n\n\n<p>\u201cEl Chucarosaurus es particular, no solo por su gran tama\u00f1o, sino tambi\u00e9n porque era relativamente esbelto, dado que sus huesos eran delgados a pesar de su gran tama\u00f1o\u201d se\u00f1al\u00f3 Agnolin.<\/p>\n\n\n\n<p>Los f\u00f3siles quedar\u00e1n exhibidos hasta este domingo 21 de mayo en el Complejo Cultural Cipolletti y podr\u00e1n visitarse de 16 a 21 hs.<\/p>\n\n\n\n<p>Luego, ser\u00e1n enviados al repositorio de la provincia, que se encuentra en el Museo Carlos Ameghino.<\/p>\n\n\n\n<p>Durante la presentaci\u00f3n, que cont\u00f3 con el acompa\u00f1amiento del Instituto Universitario Patag\u00f3nico de las Artes, participaron la subsecretaria de Patrimonio y Cooperaci\u00f3n Cultural de la Provincia, Natalia Villegas; el director de Bibliotecas y Museos, Leonardo Vergara y la secretaria de Cultura de Cipolletti, Silvia Seisdededos.<\/p>\n\n\n\n<p>Sobre el Chucarosaurus Diripienda<br>Su nombre significa \u201clagarto fuerte\u201d y \u201crevuelto\u201d y es un titanosaurio perteneciente al grupo de los saur\u00f3podos colososaurios (Colossosauria).&nbsp;<\/p>\n\n\n\n<p>Este herb\u00edvoro de cuello largo fue encontrado en la Reserva Natural Pueblo Blanco, ubicada unos 25 kil\u00f3metros al sur de la Villa el Choc\u00f3n, donde trabaj\u00f3 un equipo de paleont\u00f3logos del Museo Argentino de Ciencias Naturales (del LACEV), del Museo y Laboratorio de Dinosaurios de la Universidad de Cuyo, Museo Patag\u00f3nico de Ciencias Naturales, de Fundaci\u00f3n Azara y de CONICET, con el apoyo de National Geographic y la Secretar\u00eda de Estado de Cultura de R\u00edo Negro, a trav\u00e9s de su Subsecretar\u00eda de Patrimonio y Cooperaci\u00f3n Cultural.<\/p>\n\n\n\n<figure class=\"wp-block-gallery has-nested-images columns-default is-cropped wp-block-gallery-1 is-layout-flex wp-block-gallery-is-layout-flex\">\n<figure class=\"wp-block-image size-large\"><img fetchpriority=\"high\" decoding=\"async\" width=\"1024\" height=\"682\" data-id=\"30982\" src=\"https:\/\/www.elpolitologoyelpolitico.com.ar\/wp-content\/uploads\/2023\/05\/IMG-20230519-WA0069-1024x682.jpg\" alt=\"\" class=\"wp-image-30982\" srcset=\"https:\/\/www.elpolitologoyelpolitico.com.ar\/wp-content\/uploads\/2023\/05\/IMG-20230519-WA0069-1024x682.jpg 1024w, https:\/\/www.elpolitologoyelpolitico.com.ar\/wp-content\/uploads\/2023\/05\/IMG-20230519-WA0069-300x200.jpg 300w, https:\/\/www.elpolitologoyelpolitico.com.ar\/wp-content\/uploads\/2023\/05\/IMG-20230519-WA0069-768x512.jpg 768w, https:\/\/www.elpolitologoyelpolitico.com.ar\/wp-content\/uploads\/2023\/05\/IMG-20230519-WA0069.jpg 1280w\" sizes=\"(max-width: 1024px) 100vw, 1024px\" \/><\/figure>\n\n\n\n<figure class=\"wp-block-image size-large\"><img decoding=\"async\" width=\"1024\" height=\"576\" data-id=\"30981\" src=\"https:\/\/www.elpolitologoyelpolitico.com.ar\/wp-content\/uploads\/2023\/05\/IMG-20230519-WA0068-1024x576.jpg\" alt=\"\" class=\"wp-image-30981\" srcset=\"https:\/\/www.elpolitologoyelpolitico.com.ar\/wp-content\/uploads\/2023\/05\/IMG-20230519-WA0068-1024x576.jpg 1024w, https:\/\/www.elpolitologoyelpolitico.com.ar\/wp-content\/uploads\/2023\/05\/IMG-20230519-WA0068-300x169.jpg 300w, https:\/\/www.elpolitologoyelpolitico.com.ar\/wp-content\/uploads\/2023\/05\/IMG-20230519-WA0068-768x432.jpg 768w, https:\/\/www.elpolitologoyelpolitico.com.ar\/wp-content\/uploads\/2023\/05\/IMG-20230519-WA0068.jpg 1280w\" sizes=\"(max-width: 1024px) 100vw, 1024px\" \/><\/figure>\n<\/figure>\n<div class=\"fb-background-color\">\n\t\t\t  <div \n\t\t\t  \tclass = \"fb-comments\" \n\t\t\t  \tdata-href = \"https:\/\/www.elpolitologoyelpolitico.com.ar\/wordpress\/2023\/05\/19\/el-sorprendente-gigante-de-rio-negro-deslumbro-en-cipolletti\/\"\n\t\t\t  \tdata-numposts = \"10\"\n\t\t\t  \tdata-lazy = \"true\"\n\t\t\t\tdata-colorscheme = \"light\"\n\t\t\t\tdata-order-by = \"social\"\n\t\t\t\tdata-mobile=true>\n\t\t\t  <\/div><\/div>\n\t\t  <style>\n\t\t    .fb-background-color {\n\t\t\t\tbackground: #ffffff !important;\n\t\t\t}\n\t\t\t.fb_iframe_widget_fluid_desktop iframe {\n\t\t\t    width: 100% !important;\n\t\t\t}\n\t\t  <\/style>\n\t\t  ","protected":false},"excerpt":{"rendered":"<p>Con la sala del Complejo Cultural Cipolletti a oscuras y sonidos del Cret\u00e1cico de fondo, apareci\u00f3 en escena el \u201cChucarosaurus Diripienda\u201d, con una animaci\u00f3n que sorprendi\u00f3 al p\u00fablico presente. Al finalizar el montaje sonoro y visual, que se extendi\u00f3 durante unos veinte minutos, quedaron iluminados los f\u00f3siles que conformaban sus extremidades y que fascinaron al [&hellip;]<\/p>\n","protected":false},"author":4,"featured_media":30980,"comment_status":"closed","ping_status":"closed","sticky":false,"template":"","format":"standard","meta":{"_joinchat":[],"footnotes":""},"categories":[39],"tags":[],"class_list":["post-30979","post","type-post","status-publish","format-standard","has-post-thumbnail","hentry","category-en-esta-seccion"],"_links":{"self":[{"href":"https:\/\/www.elpolitologoyelpolitico.com.ar\/wordpress\/wp-json\/wp\/v2\/posts\/30979","targetHints":{"allow":["GET"]}}],"collection":[{"href":"https:\/\/www.elpolitologoyelpolitico.com.ar\/wordpress\/wp-json\/wp\/v2\/posts"}],"about":[{"href":"https:\/\/www.elpolitologoyelpolitico.com.ar\/wordpress\/wp-json\/wp\/v2\/types\/post"}],"author":[{"embeddable":true,"href":"https:\/\/www.elpolitologoyelpolitico.com.ar\/wordpress\/wp-json\/wp\/v2\/users\/4"}],"replies":[{"embeddable":true,"href":"https:\/\/www.elpolitologoyelpolitico.com.ar\/wordpress\/wp-json\/wp\/v2\/comments?post=30979"}],"version-history":[{"count":0,"href":"https:\/\/www.elpolitologoyelpolitico.com.ar\/wordpress\/wp-json\/wp\/v2\/posts\/30979\/revisions"}],"wp:featuredmedia":[{"embeddable":true,"href":"https:\/\/www.elpolitologoyelpolitico.com.ar\/wordpress\/wp-json\/wp\/v2\/media\/30980"}],"wp:attachment":[{"href":"https:\/\/www.elpolitologoyelpolitico.com.ar\/wordpress\/wp-json\/wp\/v2\/media?parent=30979"}],"wp:term":[{"taxonomy":"category","embeddable":true,"href":"https:\/\/www.elpolitologoyelpolitico.com.ar\/wordpress\/wp-json\/wp\/v2\/categories?post=30979"},{"taxonomy":"post_tag","embeddable":true,"href":"https:\/\/www.elpolitologoyelpolitico.com.ar\/wordpress\/wp-json\/wp\/v2\/tags?post=30979"}],"curies":[{"name":"wp","href":"https:\/\/api.w.org\/{rel}","templated":true}]}}