{"id":30972,"date":"2023-05-19T21:14:56","date_gmt":"2023-05-19T21:14:56","guid":{"rendered":"https:\/\/www.elpolitologoyelpolitico.com.ar\/wordpress\/?p=30972"},"modified":"2023-05-19T21:14:57","modified_gmt":"2023-05-19T21:14:57","slug":"dalia-gutmann-llega-a-viedma-con-tengo-cosas-que-hacer","status":"publish","type":"post","link":"https:\/\/www.elpolitologoyelpolitico.com.ar\/wordpress\/2023\/05\/19\/dalia-gutmann-llega-a-viedma-con-tengo-cosas-que-hacer\/","title":{"rendered":"Dalia Gutmann llega a Viedma con \u201cTengo cosas que hacer\u201d"},"content":{"rendered":"\n<p>El viernes 19 de mayo desde las 21 en el Centro Municipal de Cultura se presenta la comediante Dalia Gutmann con su espect\u00e1culo \u201cTengo cosas para hacer\u201d en la Sala Mayor.<\/p>\n\n\n\n<p>Las entradas pueden adquirirse en el portal web en entradauno.com a $4000.<\/p>\n\n\n\n<p>En este espect\u00e1culo Dalia cuenta en voz alta ese di\u00e1logo interno que tiene permanentemente con ella misma, y comparte en el escenario todo su delirio: Habla de su vida acelerada, del disfrute, los est\u00e1ndares de vida perfectos pero imposibles de alcanzar, la culpa, la relaci\u00f3n con su cuerpo, el complejo y apasionado v\u00ednculo con su madre y su hija, la experiencia de ser mujer, los ba\u00f1os p\u00fablicos, la autoestima, el sexo, y esa lista interminable de cosas que quiere hacer.<\/p>\n\n\n\n<p>Tambi\u00e9n nos invita a conocer \u00abGutmann Dalia\u00bb, un mundo un tanto negador pero hermoso, donde todos podemos ser felices.<\/p>\n\n\n\n<p>El show finaliza con el musical de una mina com\u00fan, que quiere ser feliz a pesar de su neurosis. Es que la propuesta del show es esa: ir al teatro a divertirse, reirse de nuestras vidas, alivianarnos y pasar una noche espectacular.<\/p>\n<div class=\"fb-background-color\">\n\t\t\t  <div \n\t\t\t  \tclass = \"fb-comments\" \n\t\t\t  \tdata-href = \"https:\/\/www.elpolitologoyelpolitico.com.ar\/wordpress\/2023\/05\/19\/dalia-gutmann-llega-a-viedma-con-tengo-cosas-que-hacer\/\"\n\t\t\t  \tdata-numposts = \"10\"\n\t\t\t  \tdata-lazy = \"true\"\n\t\t\t\tdata-colorscheme = \"light\"\n\t\t\t\tdata-order-by = \"social\"\n\t\t\t\tdata-mobile=true>\n\t\t\t  <\/div><\/div>\n\t\t  <style>\n\t\t    .fb-background-color {\n\t\t\t\tbackground: #ffffff !important;\n\t\t\t}\n\t\t\t.fb_iframe_widget_fluid_desktop iframe {\n\t\t\t    width: 100% !important;\n\t\t\t}\n\t\t  <\/style>\n\t\t  ","protected":false},"excerpt":{"rendered":"<p>El viernes 19 de mayo desde las 21 en el Centro Municipal de Cultura se presenta la comediante Dalia Gutmann con su espect\u00e1culo \u201cTengo cosas para hacer\u201d en la Sala Mayor. Las entradas pueden adquirirse en el portal web en entradauno.com a $4000. En este espect\u00e1culo Dalia cuenta en voz alta ese di\u00e1logo interno que [&hellip;]<\/p>\n","protected":false},"author":4,"featured_media":30973,"comment_status":"closed","ping_status":"closed","sticky":false,"template":"","format":"standard","meta":{"_joinchat":[],"footnotes":""},"categories":[39],"tags":[],"class_list":["post-30972","post","type-post","status-publish","format-standard","has-post-thumbnail","hentry","category-en-esta-seccion"],"_links":{"self":[{"href":"https:\/\/www.elpolitologoyelpolitico.com.ar\/wordpress\/wp-json\/wp\/v2\/posts\/30972","targetHints":{"allow":["GET"]}}],"collection":[{"href":"https:\/\/www.elpolitologoyelpolitico.com.ar\/wordpress\/wp-json\/wp\/v2\/posts"}],"about":[{"href":"https:\/\/www.elpolitologoyelpolitico.com.ar\/wordpress\/wp-json\/wp\/v2\/types\/post"}],"author":[{"embeddable":true,"href":"https:\/\/www.elpolitologoyelpolitico.com.ar\/wordpress\/wp-json\/wp\/v2\/users\/4"}],"replies":[{"embeddable":true,"href":"https:\/\/www.elpolitologoyelpolitico.com.ar\/wordpress\/wp-json\/wp\/v2\/comments?post=30972"}],"version-history":[{"count":0,"href":"https:\/\/www.elpolitologoyelpolitico.com.ar\/wordpress\/wp-json\/wp\/v2\/posts\/30972\/revisions"}],"wp:featuredmedia":[{"embeddable":true,"href":"https:\/\/www.elpolitologoyelpolitico.com.ar\/wordpress\/wp-json\/wp\/v2\/media\/30973"}],"wp:attachment":[{"href":"https:\/\/www.elpolitologoyelpolitico.com.ar\/wordpress\/wp-json\/wp\/v2\/media?parent=30972"}],"wp:term":[{"taxonomy":"category","embeddable":true,"href":"https:\/\/www.elpolitologoyelpolitico.com.ar\/wordpress\/wp-json\/wp\/v2\/categories?post=30972"},{"taxonomy":"post_tag","embeddable":true,"href":"https:\/\/www.elpolitologoyelpolitico.com.ar\/wordpress\/wp-json\/wp\/v2\/tags?post=30972"}],"curies":[{"name":"wp","href":"https:\/\/api.w.org\/{rel}","templated":true}]}}