{"id":30969,"date":"2023-05-19T21:03:12","date_gmt":"2023-05-19T21:03:12","guid":{"rendered":"https:\/\/www.elpolitologoyelpolitico.com.ar\/wordpress\/?p=30969"},"modified":"2023-05-19T21:03:14","modified_gmt":"2023-05-19T21:03:14","slug":"se-presentaron-tres-listas-para-las-elecciones-de-la-comision-de-fomento-del-barrio-villa-del-carmen","status":"publish","type":"post","link":"https:\/\/www.elpolitologoyelpolitico.com.ar\/wordpress\/2023\/05\/19\/se-presentaron-tres-listas-para-las-elecciones-de-la-comision-de-fomento-del-barrio-villa-del-carmen\/","title":{"rendered":"Se presentaron tres listas para las elecciones de la Comisi\u00f3n de Fomento del barrio Villa Del Carmen"},"content":{"rendered":"\n<p>La Direcci\u00f3n de Gobierno informa a la comunidad que, en el marco de la convocatoria a elecciones para renovar las autoridades de la Comisi\u00f3n de Fomento del barrio Villa Del Carmen y cumplido el plazo de presentaci\u00f3n, fueron tres las listas que cumplieron efectivamente con toda la documentaci\u00f3n exigida mediante la Ordenanza N\u00b043\/03.<\/p>\n\n\n\n<p>Por tal motivo, la Junta Electoral resolvi\u00f3 llevar a cabo el acto eleccionario como estaba previsto el d\u00eda domingo 21 de mayo del corriente, en el Comedor \u201cEl Lorito\u201d, de Carmen de Patagones, en el horario de 10 a 14.<\/p>\n\n\n\n<p>Las listas que compulsar\u00e1n son:<br>N\u00b014 COLOR ROJA \u2013 Que lleva como candidata a presidente a la Sra. Col\u00f3n Clara Delicia.<\/p>\n\n\n\n<p>N\u00b02 COLOR CELESTE Y BLANCA \u2013 Que lleva como candidato a presidente al Sr. Luquez Cristian Gabriel.<\/p>\n\n\n\n<p>N\u00b06 COLOR VIOLETA \u2013 Que lleva como candidato a presidente a la Sra. Gim\u00e9nez Sandra In\u00e9s.<\/p>\n<div class=\"fb-background-color\">\n\t\t\t  <div \n\t\t\t  \tclass = \"fb-comments\" \n\t\t\t  \tdata-href = \"https:\/\/www.elpolitologoyelpolitico.com.ar\/wordpress\/2023\/05\/19\/se-presentaron-tres-listas-para-las-elecciones-de-la-comision-de-fomento-del-barrio-villa-del-carmen\/\"\n\t\t\t  \tdata-numposts = \"10\"\n\t\t\t  \tdata-lazy = \"true\"\n\t\t\t\tdata-colorscheme = \"light\"\n\t\t\t\tdata-order-by = \"social\"\n\t\t\t\tdata-mobile=true>\n\t\t\t  <\/div><\/div>\n\t\t  <style>\n\t\t    .fb-background-color {\n\t\t\t\tbackground: #ffffff !important;\n\t\t\t}\n\t\t\t.fb_iframe_widget_fluid_desktop iframe {\n\t\t\t    width: 100% !important;\n\t\t\t}\n\t\t  <\/style>\n\t\t  ","protected":false},"excerpt":{"rendered":"<p>La Direcci\u00f3n de Gobierno informa a la comunidad que, en el marco de la convocatoria a elecciones para renovar las autoridades de la Comisi\u00f3n de Fomento del barrio Villa Del Carmen y cumplido el plazo de presentaci\u00f3n, fueron tres las listas que cumplieron efectivamente con toda la documentaci\u00f3n exigida mediante la Ordenanza N\u00b043\/03. Por tal [&hellip;]<\/p>\n","protected":false},"author":4,"featured_media":30970,"comment_status":"closed","ping_status":"closed","sticky":false,"template":"","format":"standard","meta":{"_joinchat":[],"footnotes":""},"categories":[38],"tags":[],"class_list":["post-30969","post","type-post","status-publish","format-standard","has-post-thumbnail","hentry","category-elecciones"],"_links":{"self":[{"href":"https:\/\/www.elpolitologoyelpolitico.com.ar\/wordpress\/wp-json\/wp\/v2\/posts\/30969","targetHints":{"allow":["GET"]}}],"collection":[{"href":"https:\/\/www.elpolitologoyelpolitico.com.ar\/wordpress\/wp-json\/wp\/v2\/posts"}],"about":[{"href":"https:\/\/www.elpolitologoyelpolitico.com.ar\/wordpress\/wp-json\/wp\/v2\/types\/post"}],"author":[{"embeddable":true,"href":"https:\/\/www.elpolitologoyelpolitico.com.ar\/wordpress\/wp-json\/wp\/v2\/users\/4"}],"replies":[{"embeddable":true,"href":"https:\/\/www.elpolitologoyelpolitico.com.ar\/wordpress\/wp-json\/wp\/v2\/comments?post=30969"}],"version-history":[{"count":0,"href":"https:\/\/www.elpolitologoyelpolitico.com.ar\/wordpress\/wp-json\/wp\/v2\/posts\/30969\/revisions"}],"wp:featuredmedia":[{"embeddable":true,"href":"https:\/\/www.elpolitologoyelpolitico.com.ar\/wordpress\/wp-json\/wp\/v2\/media\/30970"}],"wp:attachment":[{"href":"https:\/\/www.elpolitologoyelpolitico.com.ar\/wordpress\/wp-json\/wp\/v2\/media?parent=30969"}],"wp:term":[{"taxonomy":"category","embeddable":true,"href":"https:\/\/www.elpolitologoyelpolitico.com.ar\/wordpress\/wp-json\/wp\/v2\/categories?post=30969"},{"taxonomy":"post_tag","embeddable":true,"href":"https:\/\/www.elpolitologoyelpolitico.com.ar\/wordpress\/wp-json\/wp\/v2\/tags?post=30969"}],"curies":[{"name":"wp","href":"https:\/\/api.w.org\/{rel}","templated":true}]}}