{"id":30961,"date":"2023-05-19T20:08:22","date_gmt":"2023-05-19T20:08:22","guid":{"rendered":"https:\/\/www.elpolitologoyelpolitico.com.ar\/wordpress\/?p=30961"},"modified":"2023-05-19T20:09:42","modified_gmt":"2023-05-19T20:09:42","slug":"nueva-carrera-en-patagones-ya-esta-abierta-la-inscripcion-para-la-carrera-de-actriz-actor","status":"publish","type":"post","link":"https:\/\/www.elpolitologoyelpolitico.com.ar\/wordpress\/2023\/05\/19\/nueva-carrera-en-patagones-ya-esta-abierta-la-inscripcion-para-la-carrera-de-actriz-actor\/","title":{"rendered":"NUEVA CARRERA EN PATAGONES: YA EST\u00c1 ABIERTA LA INSCRIPCI\u00d3N PARA LA CARRERA DE ACTRIZ\/ ACTOR"},"content":{"rendered":"\n<p>Llega una nueva carrera en La Comarca Viedma- Patagones.<\/p>\n\n\n\n<p>Aquellas personas personas interesadas en el teatro y la actuaci\u00f3n van a tener la posibilidad se estudiar la Tecnicatura en Actuaci\u00f3n.<\/p>\n\n\n\n<p>La carrera de teatro se dictara en Carmen de Patagones y los futuros egresados podr\u00e1n ser actriz, actor y todo lo que eso puede crear, y podemos crear en nuestra comarca y en la regi\u00f3n.<\/p>\n\n\n\n<p>Si sos una de esas personas y te sent\u00eds atra\u00edda\/o por esta propuesta, no dudes en acercarte a la Escuela de Arte Alcides Biagetti, en Buenos Aires 456 de Patagones, en el horario de 8 a 12 hs y de 13 a 20:30 hs.<\/p>\n\n\n\n<p>Las planillas de inscripci\u00f3n y la declaraci\u00f3n jurada de salud las encontr\u00e1s en la librer\u00eda \u201cLa mar en coche\u201d de Suipacha 559, muy cerca de la escuela.<\/p>\n\n\n\n<p><em>Requisitos para la inscripci\u00f3n:<\/em><\/p>\n\n\n\n<p>\u25cf Planilla de inscripci\u00f3n<br>\u25cf Declaraci\u00f3n Jurada<br>\u25cf Fotocopia de DNI<br>\u25cf Fotocopia del anal\u00edtico<br>\u25cf Foto carnet<\/p>\n<div class=\"fb-background-color\">\n\t\t\t  <div \n\t\t\t  \tclass = \"fb-comments\" \n\t\t\t  \tdata-href = \"https:\/\/www.elpolitologoyelpolitico.com.ar\/wordpress\/2023\/05\/19\/nueva-carrera-en-patagones-ya-esta-abierta-la-inscripcion-para-la-carrera-de-actriz-actor\/\"\n\t\t\t  \tdata-numposts = \"10\"\n\t\t\t  \tdata-lazy = \"true\"\n\t\t\t\tdata-colorscheme = \"light\"\n\t\t\t\tdata-order-by = \"social\"\n\t\t\t\tdata-mobile=true>\n\t\t\t  <\/div><\/div>\n\t\t  <style>\n\t\t    .fb-background-color {\n\t\t\t\tbackground: #ffffff !important;\n\t\t\t}\n\t\t\t.fb_iframe_widget_fluid_desktop iframe {\n\t\t\t    width: 100% !important;\n\t\t\t}\n\t\t  <\/style>\n\t\t  ","protected":false},"excerpt":{"rendered":"<p>Llega una nueva carrera en La Comarca Viedma- Patagones. Aquellas personas personas interesadas en el teatro y la actuaci\u00f3n van a tener la posibilidad se estudiar la Tecnicatura en Actuaci\u00f3n. La carrera de teatro se dictara en Carmen de Patagones y los futuros egresados podr\u00e1n ser actriz, actor y todo lo que eso puede crear, [&hellip;]<\/p>\n","protected":false},"author":4,"featured_media":30962,"comment_status":"closed","ping_status":"closed","sticky":false,"template":"","format":"standard","meta":{"_joinchat":[],"footnotes":""},"categories":[39],"tags":[],"class_list":["post-30961","post","type-post","status-publish","format-standard","has-post-thumbnail","hentry","category-en-esta-seccion"],"_links":{"self":[{"href":"https:\/\/www.elpolitologoyelpolitico.com.ar\/wordpress\/wp-json\/wp\/v2\/posts\/30961","targetHints":{"allow":["GET"]}}],"collection":[{"href":"https:\/\/www.elpolitologoyelpolitico.com.ar\/wordpress\/wp-json\/wp\/v2\/posts"}],"about":[{"href":"https:\/\/www.elpolitologoyelpolitico.com.ar\/wordpress\/wp-json\/wp\/v2\/types\/post"}],"author":[{"embeddable":true,"href":"https:\/\/www.elpolitologoyelpolitico.com.ar\/wordpress\/wp-json\/wp\/v2\/users\/4"}],"replies":[{"embeddable":true,"href":"https:\/\/www.elpolitologoyelpolitico.com.ar\/wordpress\/wp-json\/wp\/v2\/comments?post=30961"}],"version-history":[{"count":0,"href":"https:\/\/www.elpolitologoyelpolitico.com.ar\/wordpress\/wp-json\/wp\/v2\/posts\/30961\/revisions"}],"wp:featuredmedia":[{"embeddable":true,"href":"https:\/\/www.elpolitologoyelpolitico.com.ar\/wordpress\/wp-json\/wp\/v2\/media\/30962"}],"wp:attachment":[{"href":"https:\/\/www.elpolitologoyelpolitico.com.ar\/wordpress\/wp-json\/wp\/v2\/media?parent=30961"}],"wp:term":[{"taxonomy":"category","embeddable":true,"href":"https:\/\/www.elpolitologoyelpolitico.com.ar\/wordpress\/wp-json\/wp\/v2\/categories?post=30961"},{"taxonomy":"post_tag","embeddable":true,"href":"https:\/\/www.elpolitologoyelpolitico.com.ar\/wordpress\/wp-json\/wp\/v2\/tags?post=30961"}],"curies":[{"name":"wp","href":"https:\/\/api.w.org\/{rel}","templated":true}]}}