{"id":30956,"date":"2023-05-19T19:13:46","date_gmt":"2023-05-19T19:13:46","guid":{"rendered":"https:\/\/www.elpolitologoyelpolitico.com.ar\/wordpress\/?p=30956"},"modified":"2023-05-19T19:13:48","modified_gmt":"2023-05-19T19:13:48","slug":"para-la-ue-argentina-tiene-potencial-en-el-desarrollo-de-hidrogeno-verde","status":"publish","type":"post","link":"https:\/\/www.elpolitologoyelpolitico.com.ar\/wordpress\/2023\/05\/19\/para-la-ue-argentina-tiene-potencial-en-el-desarrollo-de-hidrogeno-verde\/","title":{"rendered":"Para la UE, Argentina tiene potencial en el desarrollo de Hidr\u00f3geno Verde"},"content":{"rendered":"\n<p>Con una destacada exposici\u00f3n sobre el liderazgo latinoamericano y europeo para posibilitar la econom\u00eda del Hidr\u00f3geno Verde, la Gobernadora Arabela Carreras, junto a la directora de Pol\u00edtica Energ\u00e9tica para la Comisi\u00f3n de la Uni\u00f3n Europea, Cristina Lobillo Borrero, inauguraron la segunda jornada del Foro Internacional que se realiza en Bariloche.<\/p>\n\n\n\n<p>La Mandataria dio el puntapi\u00e9 inicial para la apertura del primer panel que tuvo como eje el protagonismo latinoamericano en virtud del trabajo que se est\u00e1 llevando adelante en el desarrollo de proyectos para potenciar la industria y la articulaci\u00f3n con la Uni\u00f3n Europea y as\u00ed avanzar en pol\u00edticas de cooperaci\u00f3n y en una agenda verde en conjunto.<\/p>\n\n\n\n<p>En este marco hizo referencia a la experiencia de R\u00edo Negro en el marco del Plan Estrat\u00e9gico de Hidr\u00f3geno Verde, con una mirada responsable y un compromiso a futuro teniendo en cuenta las nuevas generaciones y el cuidado del medio ambiente.<\/p>\n\n\n\n<p>&nbsp;\u201cR\u00edo Negro tiene un Plan Estrat\u00e9gico de Hidr\u00f3geno Verde con la idea de obtener grandes inversiones para que nuestra gente viva mejor y lo siga haciendo en un medio ambiente sano, que sus h\u00e1bitos de vida sean respetados; pero como pa\u00eds latinoamericano tambi\u00e9n queremos avanzar para que nuestros j\u00f3venes tengan un futuro, puedan estudiar, aprender y trabajar y elijan quedarse en el pa\u00eds donde nacieron\u201d, detall\u00f3 Carreras.<br>\u201cPor eso llevamos adelante distintos planes de formaci\u00f3n profesional, tecnicaturas y la Diplomatura en Hidr\u00f3geno Verde.<\/p>\n\n\n\n<p>Nuestro objetivo es preparar a la poblaci\u00f3n para aprovechar las oportunidades\u201d, agreg\u00f3.<\/p>\n\n\n\n<p>A su vez, destac\u00f3 que la producci\u00f3n de energ\u00edas alternativas ser\u00e1 clave en el contexto de cambio clim\u00e1tico: \u201cEs un gran desaf\u00edo que tenemos por delante, pero lo asumimos porque ser\u00e1 clave trabajar para nuestras generaciones actuales y futuras\u201d.<\/p>\n\n\n\n<p>Carreras tambi\u00e9n mencion\u00f3 que desde hace un tiempo se viene trabajando en distintos mecanismos de planificaci\u00f3n para las ciudades donde m\u00e1s se va a desarrollar el Plan, como la creaci\u00f3n de nuevas escuelas de formaci\u00f3n inicial y t\u00e9cnica, obras de urbanizaci\u00f3n y regularizaci\u00f3n de la tierra, \u201cuna forma de prepararnos para cuando lleguen las inversiones en gran escala\u201d.<\/p>\n\n\n\n<p><em>Cooperaci\u00f3n e inversi\u00f3n<\/em><\/p>\n\n\n\n<p>Por su parte, Lobillo Borrero sostuvo que \u201cpara la Uni\u00f3n Europea es muy importante ya que el Hidr\u00f3geno Verde es una fuente de energ\u00eda que se considera prioritaria para alcanzar la neutralidad clim\u00e1tica en el 2050\u201d.<\/p>\n\n\n\n<p>En este marco, hizo referencia a la situaci\u00f3n actual que vive Europa en relaci\u00f3n a la pol\u00edtica energ\u00e9tica y la cooperaci\u00f3n con Argentina sobre todo en materia de hidr\u00f3geno verde.<\/p>\n\n\n\n<p>\u201cTodos estamos comprometidos por el acuerdo de Par\u00eds con objetivos de reducci\u00f3n de emisiones de efecto invernadero a trav\u00e9s de nuevas fuentes de energ\u00eda y renovables. Tenemos que poner las bases para un plan econ\u00f3mico de hidr\u00f3geno verde\u201d.<\/p>\n\n\n\n<p>Asimismo detall\u00f3 el plan REpower que se lleva a cabo en Europa para dejar de depender de los combustibles f\u00f3siles de Rusia antes del 2030.<\/p>\n\n\n\n<p>\u201cPara nosotros, seguridad energ\u00e9tica significa asegurar la transici\u00f3n, energ\u00eda segura y verde.<\/p>\n\n\n\n<p>Pero tambi\u00e9n energ\u00eda que sea socialmente justa. De los 27 pa\u00edses que componen la Uni\u00f3n Europea, algunos tienen pol\u00edticas renovables muy avanzadas pero otros tienen m\u00e1s dificultades por los costos\u201d.<\/p>\n\n\n\n<p>A su vez, explic\u00f3 que \u201cestamos trabajando en la legislaci\u00f3n s\u00f3lida para atraer inversiones sobre todo teniendo en cuenta las certificaciones, infraestructura y cooperaci\u00f3n internacional porque somos unos convencidos de que la aceleraci\u00f3n la producci\u00f3n de hidr\u00f3geno verde es fundamental en el mundo entero\u201d.&nbsp;<\/p>\n\n\n\n<p>En este sentido, detall\u00f3 que trabajan en un memor\u00e1ndum de entendimiento con Argentina y Uruguay \u201cporque creemos que colaborar con Am\u00e9rica Latina y concretamente con Argentina que tiene un potencial enorme de desarrollo de renovables nos parece muy importante. La presidenta de la Comisi\u00f3n Europea \u00darsula Von Der Leyen va a venir a este pa\u00eds y va a ser fundamental para el impulso pol\u00edtico que necesitamos\u201d, finaliz\u00f3.<\/p>\n\n\n\n<figure class=\"wp-block-gallery has-nested-images columns-default is-cropped wp-block-gallery-1 is-layout-flex wp-block-gallery-is-layout-flex\">\n<figure class=\"wp-block-image size-large\"><img fetchpriority=\"high\" decoding=\"async\" width=\"1024\" height=\"682\" data-id=\"30958\" src=\"https:\/\/www.elpolitologoyelpolitico.com.ar\/wp-content\/uploads\/2023\/05\/IMG-20230519-WA0020-1024x682.jpg\" alt=\"\" class=\"wp-image-30958\" srcset=\"https:\/\/www.elpolitologoyelpolitico.com.ar\/wp-content\/uploads\/2023\/05\/IMG-20230519-WA0020-1024x682.jpg 1024w, https:\/\/www.elpolitologoyelpolitico.com.ar\/wp-content\/uploads\/2023\/05\/IMG-20230519-WA0020-300x200.jpg 300w, https:\/\/www.elpolitologoyelpolitico.com.ar\/wp-content\/uploads\/2023\/05\/IMG-20230519-WA0020-768x512.jpg 768w, https:\/\/www.elpolitologoyelpolitico.com.ar\/wp-content\/uploads\/2023\/05\/IMG-20230519-WA0020.jpg 1280w\" sizes=\"(max-width: 1024px) 100vw, 1024px\" \/><\/figure>\n\n\n\n<figure class=\"wp-block-image size-large\"><img decoding=\"async\" width=\"1024\" height=\"682\" data-id=\"30959\" src=\"https:\/\/www.elpolitologoyelpolitico.com.ar\/wp-content\/uploads\/2023\/05\/IMG-20230519-WA0019-1024x682.jpg\" alt=\"\" class=\"wp-image-30959\" srcset=\"https:\/\/www.elpolitologoyelpolitico.com.ar\/wp-content\/uploads\/2023\/05\/IMG-20230519-WA0019-1024x682.jpg 1024w, https:\/\/www.elpolitologoyelpolitico.com.ar\/wp-content\/uploads\/2023\/05\/IMG-20230519-WA0019-300x200.jpg 300w, https:\/\/www.elpolitologoyelpolitico.com.ar\/wp-content\/uploads\/2023\/05\/IMG-20230519-WA0019-768x512.jpg 768w, https:\/\/www.elpolitologoyelpolitico.com.ar\/wp-content\/uploads\/2023\/05\/IMG-20230519-WA0019.jpg 1280w\" sizes=\"(max-width: 1024px) 100vw, 1024px\" \/><\/figure>\n<\/figure>\n<div class=\"fb-background-color\">\n\t\t\t  <div \n\t\t\t  \tclass = \"fb-comments\" \n\t\t\t  \tdata-href = \"https:\/\/www.elpolitologoyelpolitico.com.ar\/wordpress\/2023\/05\/19\/para-la-ue-argentina-tiene-potencial-en-el-desarrollo-de-hidrogeno-verde\/\"\n\t\t\t  \tdata-numposts = \"10\"\n\t\t\t  \tdata-lazy = \"true\"\n\t\t\t\tdata-colorscheme = \"light\"\n\t\t\t\tdata-order-by = \"social\"\n\t\t\t\tdata-mobile=true>\n\t\t\t  <\/div><\/div>\n\t\t  <style>\n\t\t    .fb-background-color {\n\t\t\t\tbackground: #ffffff !important;\n\t\t\t}\n\t\t\t.fb_iframe_widget_fluid_desktop iframe {\n\t\t\t    width: 100% !important;\n\t\t\t}\n\t\t  <\/style>\n\t\t  ","protected":false},"excerpt":{"rendered":"<p>Con una destacada exposici\u00f3n sobre el liderazgo latinoamericano y europeo para posibilitar la econom\u00eda del Hidr\u00f3geno Verde, la Gobernadora Arabela Carreras, junto a la directora de Pol\u00edtica Energ\u00e9tica para la Comisi\u00f3n de la Uni\u00f3n Europea, Cristina Lobillo Borrero, inauguraron la segunda jornada del Foro Internacional que se realiza en Bariloche. La Mandataria dio el puntapi\u00e9 [&hellip;]<\/p>\n","protected":false},"author":4,"featured_media":30957,"comment_status":"closed","ping_status":"closed","sticky":false,"template":"","format":"standard","meta":{"_joinchat":[],"footnotes":""},"categories":[39],"tags":[],"class_list":["post-30956","post","type-post","status-publish","format-standard","has-post-thumbnail","hentry","category-en-esta-seccion"],"_links":{"self":[{"href":"https:\/\/www.elpolitologoyelpolitico.com.ar\/wordpress\/wp-json\/wp\/v2\/posts\/30956","targetHints":{"allow":["GET"]}}],"collection":[{"href":"https:\/\/www.elpolitologoyelpolitico.com.ar\/wordpress\/wp-json\/wp\/v2\/posts"}],"about":[{"href":"https:\/\/www.elpolitologoyelpolitico.com.ar\/wordpress\/wp-json\/wp\/v2\/types\/post"}],"author":[{"embeddable":true,"href":"https:\/\/www.elpolitologoyelpolitico.com.ar\/wordpress\/wp-json\/wp\/v2\/users\/4"}],"replies":[{"embeddable":true,"href":"https:\/\/www.elpolitologoyelpolitico.com.ar\/wordpress\/wp-json\/wp\/v2\/comments?post=30956"}],"version-history":[{"count":0,"href":"https:\/\/www.elpolitologoyelpolitico.com.ar\/wordpress\/wp-json\/wp\/v2\/posts\/30956\/revisions"}],"wp:featuredmedia":[{"embeddable":true,"href":"https:\/\/www.elpolitologoyelpolitico.com.ar\/wordpress\/wp-json\/wp\/v2\/media\/30957"}],"wp:attachment":[{"href":"https:\/\/www.elpolitologoyelpolitico.com.ar\/wordpress\/wp-json\/wp\/v2\/media?parent=30956"}],"wp:term":[{"taxonomy":"category","embeddable":true,"href":"https:\/\/www.elpolitologoyelpolitico.com.ar\/wordpress\/wp-json\/wp\/v2\/categories?post=30956"},{"taxonomy":"post_tag","embeddable":true,"href":"https:\/\/www.elpolitologoyelpolitico.com.ar\/wordpress\/wp-json\/wp\/v2\/tags?post=30956"}],"curies":[{"name":"wp","href":"https:\/\/api.w.org\/{rel}","templated":true}]}}