{"id":30953,"date":"2023-05-19T18:57:17","date_gmt":"2023-05-19T18:57:17","guid":{"rendered":"https:\/\/www.elpolitologoyelpolitico.com.ar\/wordpress\/?p=30953"},"modified":"2023-05-19T18:57:18","modified_gmt":"2023-05-19T18:57:18","slug":"se-abren-las-inscripciones-para-los-encuentros-culturales-rionegrinos-2","status":"publish","type":"post","link":"https:\/\/www.elpolitologoyelpolitico.com.ar\/wordpress\/2023\/05\/19\/se-abren-las-inscripciones-para-los-encuentros-culturales-rionegrinos-2\/","title":{"rendered":"Se abren las inscripciones para los Encuentros Culturales Rionegrinos"},"content":{"rendered":"\n<p>Desde hoy, jueves 18 de mayo y hasta el 8 de junio, el gobierno de la Viedma abre las inscripciones presenciales para la instancia local de los Encuentros Culturales Rionegrinos 2023.<\/p>\n\n\n\n<p>Quienes est\u00e9n interesados en participar podr\u00e1n hacerlo en horario de atenci\u00f3n al p\u00fablico de 8 a 13 y de 15 a 20 en el Centro Cultural, pudiendo los interesados realizar consultas al correo&nbsp;culturaviedma.convocatorias@gmail.com<\/p>\n\n\n\n<p>El gobierno de Viedma se suma a los Encuentros Culturales Rionegrinos, programa provincial que est\u00e1 destinado a j\u00f3venes de entre 10 y 18 a\u00f1os y adultos mayores de 60 a\u00f1os que desarrollen actividades culturales en nuestra ciudad.<\/p>\n\n\n\n<p>La instancia selectiva se desarrollar\u00e1 el 15 de junio en la Sala Auditorio del Centro Municipal de Cultura.<\/p>\n\n\n\n<p>Esta edici\u00f3n los interesados pueden inscribirse en los siguientes rubros y categor\u00edas:<\/p>\n\n\n\n<p>M\u00daSICA<\/p>\n\n\n\n<p>Canto Solista (Sub 12, Sub 15, Sub 18, +60)<\/p>\n\n\n\n<p>Grupo Musical&nbsp; (Categor\u00eda \u00danica de 13 a 18 a\u00f1os)<\/p>\n\n\n\n<p>Hip Hop y Freestyle (Sub 12, Sub 15, Sub 18)<\/p>\n\n\n\n<p>Canto Coral \/Colectivo (Sub 12, Sub 15, Sub 18, +60)<\/p>\n\n\n\n<p>Solista Instrumental&nbsp; (Sub 12, Sub 15, Sub 18, +60)<\/p>\n\n\n\n<p>DANZA<\/p>\n\n\n\n<p>Grupo de Danzas&nbsp; (Sub 12, Sub 15, Sub 18,+60)<\/p>\n\n\n\n<p>D\u00fao o Pareja de Danza (Sub 12, Sub 15, Sub 18, +60)<\/p>\n\n\n\n<p>Danza Individual (Sub 12, Sub 15, Sub 18)<\/p>\n\n\n\n<p>TEATRO<\/p>\n\n\n\n<p>Teatro \/ T\u00edteres&nbsp; (Categor\u00eda \u00danica de 13 a 18 a\u00f1os)<\/p>\n\n\n\n<p>Teatro Individual \/Unipersonal&nbsp; (Sub 12, Sub 15, Sub 18, +60)<\/p>\n\n\n\n<p>ARTES VISUALES<\/p>\n\n\n\n<p>Pintura\/ Dibujo&nbsp; (Sub 12, Sub 15, Sub 18, +60)<\/p>\n\n\n\n<p>Fotograf\u00eda (Sub 12, Sub 15, Sub 18, +60)<\/p>\n\n\n\n<p>Mural&nbsp; (Sub 12, Sub 15, Sub 18)<br>Artesan\u00edas&nbsp; (Sub 12, Sub 15, Sub 18, +60)<\/p>\n\n\n\n<p>AUDIOVISUALES<\/p>\n\n\n\n<p>V\u00eddeominuto (Sub 12, Sub 15, Sub 18)<\/p>\n\n\n\n<p>Cortometraje (Sub 12, Sub 15, Sub 18)<\/p>\n\n\n\n<p>Spot (Sub 12, Sub 15, Sub 18, +60)<\/p>\n\n\n\n<p>LITERARIAS<\/p>\n\n\n\n<p>Historieta\/Humor Gr\u00e1fico (Sub 12, Sub 15, Sub 18)<\/p>\n\n\n\n<p>Cuento (Sub 12, Sub 15, Sub 18, +60)<\/p>\n\n\n\n<p>Poes\u00eda (Sub 12, Sub 15, Sub 18, +60)<\/p>\n<div class=\"fb-background-color\">\n\t\t\t  <div \n\t\t\t  \tclass = \"fb-comments\" \n\t\t\t  \tdata-href = \"https:\/\/www.elpolitologoyelpolitico.com.ar\/wordpress\/2023\/05\/19\/se-abren-las-inscripciones-para-los-encuentros-culturales-rionegrinos-2\/\"\n\t\t\t  \tdata-numposts = \"10\"\n\t\t\t  \tdata-lazy = \"true\"\n\t\t\t\tdata-colorscheme = \"light\"\n\t\t\t\tdata-order-by = \"social\"\n\t\t\t\tdata-mobile=true>\n\t\t\t  <\/div><\/div>\n\t\t  <style>\n\t\t    .fb-background-color {\n\t\t\t\tbackground: #ffffff !important;\n\t\t\t}\n\t\t\t.fb_iframe_widget_fluid_desktop iframe {\n\t\t\t    width: 100% !important;\n\t\t\t}\n\t\t  <\/style>\n\t\t  ","protected":false},"excerpt":{"rendered":"<p>Desde hoy, jueves 18 de mayo y hasta el 8 de junio, el gobierno de la Viedma abre las inscripciones presenciales para la instancia local de los Encuentros Culturales Rionegrinos 2023. Quienes est\u00e9n interesados en participar podr\u00e1n hacerlo en horario de atenci\u00f3n al p\u00fablico de 8 a 13 y de 15 a 20 en el [&hellip;]<\/p>\n","protected":false},"author":4,"featured_media":30954,"comment_status":"closed","ping_status":"closed","sticky":false,"template":"","format":"standard","meta":{"_joinchat":[],"footnotes":""},"categories":[4],"tags":[],"class_list":["post-30953","post","type-post","status-publish","format-standard","has-post-thumbnail","hentry","category-politicas-publicas"],"_links":{"self":[{"href":"https:\/\/www.elpolitologoyelpolitico.com.ar\/wordpress\/wp-json\/wp\/v2\/posts\/30953","targetHints":{"allow":["GET"]}}],"collection":[{"href":"https:\/\/www.elpolitologoyelpolitico.com.ar\/wordpress\/wp-json\/wp\/v2\/posts"}],"about":[{"href":"https:\/\/www.elpolitologoyelpolitico.com.ar\/wordpress\/wp-json\/wp\/v2\/types\/post"}],"author":[{"embeddable":true,"href":"https:\/\/www.elpolitologoyelpolitico.com.ar\/wordpress\/wp-json\/wp\/v2\/users\/4"}],"replies":[{"embeddable":true,"href":"https:\/\/www.elpolitologoyelpolitico.com.ar\/wordpress\/wp-json\/wp\/v2\/comments?post=30953"}],"version-history":[{"count":0,"href":"https:\/\/www.elpolitologoyelpolitico.com.ar\/wordpress\/wp-json\/wp\/v2\/posts\/30953\/revisions"}],"wp:featuredmedia":[{"embeddable":true,"href":"https:\/\/www.elpolitologoyelpolitico.com.ar\/wordpress\/wp-json\/wp\/v2\/media\/30954"}],"wp:attachment":[{"href":"https:\/\/www.elpolitologoyelpolitico.com.ar\/wordpress\/wp-json\/wp\/v2\/media?parent=30953"}],"wp:term":[{"taxonomy":"category","embeddable":true,"href":"https:\/\/www.elpolitologoyelpolitico.com.ar\/wordpress\/wp-json\/wp\/v2\/categories?post=30953"},{"taxonomy":"post_tag","embeddable":true,"href":"https:\/\/www.elpolitologoyelpolitico.com.ar\/wordpress\/wp-json\/wp\/v2\/tags?post=30953"}],"curies":[{"name":"wp","href":"https:\/\/api.w.org\/{rel}","templated":true}]}}