{"id":30946,"date":"2023-05-19T17:09:54","date_gmt":"2023-05-19T17:09:54","guid":{"rendered":"https:\/\/www.elpolitologoyelpolitico.com.ar\/wordpress\/?p=30946"},"modified":"2023-05-19T17:09:55","modified_gmt":"2023-05-19T17:09:55","slug":"se-entregaran-en-patagones-400-computadoras-de-la-primera-etapa-del-programa-conectar-igualdad-bonaerense","status":"publish","type":"post","link":"https:\/\/www.elpolitologoyelpolitico.com.ar\/wordpress\/2023\/05\/19\/se-entregaran-en-patagones-400-computadoras-de-la-primera-etapa-del-programa-conectar-igualdad-bonaerense\/","title":{"rendered":"SE ENTREGAR\u00c1N EN PATAGONES&nbsp; 400 COMPUTADORAS DE LA PRIMERA ETAPA DEL PROGRAMA CONECTAR IGUALDAD BONAERENSE."},"content":{"rendered":"\n<p>Desde el bloque de Concejales del Frente de Todos, se anunciaron sobre la entrega de computadoras a los alumnos que est\u00e9n cursando el&nbsp; \u00faltimo a\u00f1o de la&nbsp; secundaria, la distribuci\u00f3n se iniciar\u00e1 la pr\u00f3xima semana.<\/p>\n\n\n\n<p>Los ediles integrantes de la bancada recordaron que en marzo de este a\u00f1o, el gobernador de la provincia de Buenos Aires, Axel Kicillof present\u00f3 el programa Conectar Igualdad Bonaerense, que entregar\u00e1 cerca de 168 mil computadoras personales a estudiantes que cursan el \u00faltimo a\u00f1o del nivel secundario.<\/p>\n\n\n\n<p>La pr\u00f3xima semana comienzan a llegar al distrito de Patagones mas de 400 unidades que se distribuir\u00e1n en escuelas de todo el distrito.<\/p>\n\n\n\n<p>En el lanzamiento el gobernador expres\u00f3 que \u201ceste programa parte de la concepci\u00f3n de que, m\u00e1s all\u00e1 de la voluntad y el esfuerzo de cada uno, es muy importante que todos y todas cuenten con una sociedad que les brinde oportunidades\u201d, y agreg\u00f3: \u201cEs all\u00ed donde aparece un Estado presente que permite que tengan un futuro mejor y con muchas m\u00e1s posibilidades\u201d.<\/p>\n\n\n\n<p>Anteriormente, en la provincia se facilitaron m\u00e1s de 248 mil dispositivos a estudiantes secundarios como consecuencia del trabajo conjunto con el Ministerio de Educaci\u00f3n de la Naci\u00f3n. Asimismo, esta pol\u00edtica se complementa con el programa Escuelas Conectadas, que est\u00e1 llevando conectividad de banda ancha a 5.500 escuelas de la provincia.<\/p>\n\n\n\n<p>En tal sentido, a partir del lunes comenzar\u00e1n a distribuirse las computadoras de este programa en el Distrito de Patagones con el acompa\u00f1amiento de Concejales y Concejeros escolares del FDT en&nbsp; escuelas de Villalonga, Carmen de Patagones, Stroeder, San Blas e Igarzabal.<\/p>\n<div class=\"fb-background-color\">\n\t\t\t  <div \n\t\t\t  \tclass = \"fb-comments\" \n\t\t\t  \tdata-href = \"https:\/\/www.elpolitologoyelpolitico.com.ar\/wordpress\/2023\/05\/19\/se-entregaran-en-patagones-400-computadoras-de-la-primera-etapa-del-programa-conectar-igualdad-bonaerense\/\"\n\t\t\t  \tdata-numposts = \"10\"\n\t\t\t  \tdata-lazy = \"true\"\n\t\t\t\tdata-colorscheme = \"light\"\n\t\t\t\tdata-order-by = \"social\"\n\t\t\t\tdata-mobile=true>\n\t\t\t  <\/div><\/div>\n\t\t  <style>\n\t\t    .fb-background-color {\n\t\t\t\tbackground: #ffffff !important;\n\t\t\t}\n\t\t\t.fb_iframe_widget_fluid_desktop iframe {\n\t\t\t    width: 100% !important;\n\t\t\t}\n\t\t  <\/style>\n\t\t  ","protected":false},"excerpt":{"rendered":"<p>Desde el bloque de Concejales del Frente de Todos, se anunciaron sobre la entrega de computadoras a los alumnos que est\u00e9n cursando el&nbsp; \u00faltimo a\u00f1o de la&nbsp; secundaria, la distribuci\u00f3n se iniciar\u00e1 la pr\u00f3xima semana. Los ediles integrantes de la bancada recordaron que en marzo de este a\u00f1o, el gobernador de la provincia de Buenos [&hellip;]<\/p>\n","protected":false},"author":4,"featured_media":30947,"comment_status":"closed","ping_status":"closed","sticky":false,"template":"","format":"standard","meta":{"_joinchat":[],"footnotes":""},"categories":[4],"tags":[],"class_list":["post-30946","post","type-post","status-publish","format-standard","has-post-thumbnail","hentry","category-politicas-publicas"],"_links":{"self":[{"href":"https:\/\/www.elpolitologoyelpolitico.com.ar\/wordpress\/wp-json\/wp\/v2\/posts\/30946","targetHints":{"allow":["GET"]}}],"collection":[{"href":"https:\/\/www.elpolitologoyelpolitico.com.ar\/wordpress\/wp-json\/wp\/v2\/posts"}],"about":[{"href":"https:\/\/www.elpolitologoyelpolitico.com.ar\/wordpress\/wp-json\/wp\/v2\/types\/post"}],"author":[{"embeddable":true,"href":"https:\/\/www.elpolitologoyelpolitico.com.ar\/wordpress\/wp-json\/wp\/v2\/users\/4"}],"replies":[{"embeddable":true,"href":"https:\/\/www.elpolitologoyelpolitico.com.ar\/wordpress\/wp-json\/wp\/v2\/comments?post=30946"}],"version-history":[{"count":0,"href":"https:\/\/www.elpolitologoyelpolitico.com.ar\/wordpress\/wp-json\/wp\/v2\/posts\/30946\/revisions"}],"wp:featuredmedia":[{"embeddable":true,"href":"https:\/\/www.elpolitologoyelpolitico.com.ar\/wordpress\/wp-json\/wp\/v2\/media\/30947"}],"wp:attachment":[{"href":"https:\/\/www.elpolitologoyelpolitico.com.ar\/wordpress\/wp-json\/wp\/v2\/media?parent=30946"}],"wp:term":[{"taxonomy":"category","embeddable":true,"href":"https:\/\/www.elpolitologoyelpolitico.com.ar\/wordpress\/wp-json\/wp\/v2\/categories?post=30946"},{"taxonomy":"post_tag","embeddable":true,"href":"https:\/\/www.elpolitologoyelpolitico.com.ar\/wordpress\/wp-json\/wp\/v2\/tags?post=30946"}],"curies":[{"name":"wp","href":"https:\/\/api.w.org\/{rel}","templated":true}]}}