{"id":30943,"date":"2023-05-19T15:52:32","date_gmt":"2023-05-19T15:52:32","guid":{"rendered":"https:\/\/www.elpolitologoyelpolitico.com.ar\/wordpress\/?p=30943"},"modified":"2023-05-19T15:52:34","modified_gmt":"2023-05-19T15:52:34","slug":"se-llevara-a-cabo-la-apertura-de-la-planta-potabilizadora-de-villalonga","status":"publish","type":"post","link":"https:\/\/www.elpolitologoyelpolitico.com.ar\/wordpress\/2023\/05\/19\/se-llevara-a-cabo-la-apertura-de-la-planta-potabilizadora-de-villalonga\/","title":{"rendered":"Se llevar\u00e1 a cabo la apertura de la Planta potabilizadora de Villalonga"},"content":{"rendered":"\n<p>El Bloque de Concejales del Frente de Todos de Patagones, informa que el pr\u00f3ximo martes 23 de mayo el Ministro de obras y servicios P\u00fablicos Leonardo Nardini a trav\u00e9s de la Subsecretar\u00eda de Recursos H\u00eddricos de la provincia de Buenos Aires llevar\u00e1 a cabo la apertura de sobres de la Planta potabilizadora de la Localidad de Villalonga.<\/p>\n\n\n\n<p>Obras que dignifican en cada rinc\u00f3n de la pcia de Buenos Aires.<\/p>\n\n\n\n<p>En el marco de esta informaci\u00f3n, el titular del \u00e1rea Leonardo Nardini, expres\u00f3 que est\u00e1n son obras m\u00e1s que importantes para el distrito y desde la Subsecretar\u00eda de Recursos Hidricos venimos instaurando un plan de obras que responde a los pedidos de nuestro Gobernador Axel kicillof y dan respuesta a las necesidades de los vecinos de las distintas localidades.<\/p>\n\n\n\n<p>Por \u00faltimo desde la bancada del FdT. agradecieron las decisiones pol\u00edticas del Gobierno de Axel Kicilof, que da una muestra de inter\u00e9s y presencia del gobierno provincial en el distrito de Patagones est\u00e1 vez en la localidad de Villalonga, sostuvieron los Ediles.<\/p>\n<div class=\"fb-background-color\">\n\t\t\t  <div \n\t\t\t  \tclass = \"fb-comments\" \n\t\t\t  \tdata-href = \"https:\/\/www.elpolitologoyelpolitico.com.ar\/wordpress\/2023\/05\/19\/se-llevara-a-cabo-la-apertura-de-la-planta-potabilizadora-de-villalonga\/\"\n\t\t\t  \tdata-numposts = \"10\"\n\t\t\t  \tdata-lazy = \"true\"\n\t\t\t\tdata-colorscheme = \"light\"\n\t\t\t\tdata-order-by = \"social\"\n\t\t\t\tdata-mobile=true>\n\t\t\t  <\/div><\/div>\n\t\t  <style>\n\t\t    .fb-background-color {\n\t\t\t\tbackground: #ffffff !important;\n\t\t\t}\n\t\t\t.fb_iframe_widget_fluid_desktop iframe {\n\t\t\t    width: 100% !important;\n\t\t\t}\n\t\t  <\/style>\n\t\t  ","protected":false},"excerpt":{"rendered":"<p>El Bloque de Concejales del Frente de Todos de Patagones, informa que el pr\u00f3ximo martes 23 de mayo el Ministro de obras y servicios P\u00fablicos Leonardo Nardini a trav\u00e9s de la Subsecretar\u00eda de Recursos H\u00eddricos de la provincia de Buenos Aires llevar\u00e1 a cabo la apertura de sobres de la Planta potabilizadora de la Localidad [&hellip;]<\/p>\n","protected":false},"author":4,"featured_media":30944,"comment_status":"closed","ping_status":"closed","sticky":false,"template":"","format":"standard","meta":{"_joinchat":[],"footnotes":""},"categories":[4],"tags":[],"class_list":["post-30943","post","type-post","status-publish","format-standard","has-post-thumbnail","hentry","category-politicas-publicas"],"_links":{"self":[{"href":"https:\/\/www.elpolitologoyelpolitico.com.ar\/wordpress\/wp-json\/wp\/v2\/posts\/30943","targetHints":{"allow":["GET"]}}],"collection":[{"href":"https:\/\/www.elpolitologoyelpolitico.com.ar\/wordpress\/wp-json\/wp\/v2\/posts"}],"about":[{"href":"https:\/\/www.elpolitologoyelpolitico.com.ar\/wordpress\/wp-json\/wp\/v2\/types\/post"}],"author":[{"embeddable":true,"href":"https:\/\/www.elpolitologoyelpolitico.com.ar\/wordpress\/wp-json\/wp\/v2\/users\/4"}],"replies":[{"embeddable":true,"href":"https:\/\/www.elpolitologoyelpolitico.com.ar\/wordpress\/wp-json\/wp\/v2\/comments?post=30943"}],"version-history":[{"count":0,"href":"https:\/\/www.elpolitologoyelpolitico.com.ar\/wordpress\/wp-json\/wp\/v2\/posts\/30943\/revisions"}],"wp:featuredmedia":[{"embeddable":true,"href":"https:\/\/www.elpolitologoyelpolitico.com.ar\/wordpress\/wp-json\/wp\/v2\/media\/30944"}],"wp:attachment":[{"href":"https:\/\/www.elpolitologoyelpolitico.com.ar\/wordpress\/wp-json\/wp\/v2\/media?parent=30943"}],"wp:term":[{"taxonomy":"category","embeddable":true,"href":"https:\/\/www.elpolitologoyelpolitico.com.ar\/wordpress\/wp-json\/wp\/v2\/categories?post=30943"},{"taxonomy":"post_tag","embeddable":true,"href":"https:\/\/www.elpolitologoyelpolitico.com.ar\/wordpress\/wp-json\/wp\/v2\/tags?post=30943"}],"curies":[{"name":"wp","href":"https:\/\/api.w.org\/{rel}","templated":true}]}}