{"id":30938,"date":"2023-05-19T15:41:33","date_gmt":"2023-05-19T15:41:33","guid":{"rendered":"https:\/\/www.elpolitologoyelpolitico.com.ar\/wordpress\/?p=30938"},"modified":"2023-05-19T15:41:35","modified_gmt":"2023-05-19T15:41:35","slug":"viedma-y-ecopet-por-menos-plastico-en-las-playas","status":"publish","type":"post","link":"https:\/\/www.elpolitologoyelpolitico.com.ar\/wordpress\/2023\/05\/19\/viedma-y-ecopet-por-menos-plastico-en-las-playas\/","title":{"rendered":"Viedma y Ecopet, por menos pl\u00e1stico en las playas."},"content":{"rendered":"\n<p>El Gobierno de Viedma junto a la organizaci\u00f3n ambientalista Ecopet continua retirando pl\u00e1sticos de nuestras playas.<br>Se carg\u00f3 en el d\u00eda jueves un vag\u00f3n del Tren Patag\u00f3nico con pl\u00e1stico levantado en intensas jornadas de trabajo motorizadas por la ONG Ecopet y la Empresa LP SRL, junto al Hostel Refugio Perdido y la Subsecretaria del Balneario El C\u00f3ndor de nuestras costas mar\u00edtima y fluvial. Ademas se hizo el env\u00edo de ecobotellas con pl\u00e1sticos de un solo uso recepcionadas en los Puntos Verdes especificos para ser enviado a las instalaciones de LP en General Roca y se transformado en equipamiento urbano de madera pl\u00e1stica.<\/p>\n\n\n\n<p>\u00abEs importante nuestro compromiso como ciudadanos y ciudadanas para evitar que los residuos mal dispuestos se dispersen por nuestras playas, poniendo en riesgo a la fauna marina y al ecosistema en general.<br>Es fundamental que hoy continuemos trabajando para retirar el pl\u00e1stico que se ha acumulado a lo largo de los a\u00f1os antes de que se convierta en microplastico por la acci\u00f3n de los factores clim\u00e1ticos y que modifiquemos nuestros h\u00e1bitos de consumo para reducir la cantidad de residuos que generamos diariamente. Es una tarea diaria la de construir comunidad\u00bb se\u00f1al\u00f3 Gast\u00f3n Gutierrez.<\/p>\n\n\n\n<p>Las 5 R<\/p>\n\n\n\n<h1 class=\"wp-block-heading\">Reducir<\/h1>\n\n\n\n<h1 class=\"wp-block-heading\">Reciclar<\/h1>\n\n\n\n<h1 class=\"wp-block-heading\">Reutilizar<\/h1>\n\n\n\n<h1 class=\"wp-block-heading\">Reparar<\/h1>\n\n\n\n<h1 class=\"wp-block-heading\">Recuperar<\/h1>\n\n\n\n<figure class=\"wp-block-gallery has-nested-images columns-default is-cropped wp-block-gallery-1 is-layout-flex wp-block-gallery-is-layout-flex\">\n<figure class=\"wp-block-image size-large\"><img fetchpriority=\"high\" decoding=\"async\" width=\"1024\" height=\"576\" data-id=\"30940\" src=\"https:\/\/www.elpolitologoyelpolitico.com.ar\/wp-content\/uploads\/2023\/05\/IMG-20230519-WA0005-1024x576.jpg\" alt=\"\" class=\"wp-image-30940\" srcset=\"https:\/\/www.elpolitologoyelpolitico.com.ar\/wp-content\/uploads\/2023\/05\/IMG-20230519-WA0005-1024x576.jpg 1024w, https:\/\/www.elpolitologoyelpolitico.com.ar\/wp-content\/uploads\/2023\/05\/IMG-20230519-WA0005-300x169.jpg 300w, https:\/\/www.elpolitologoyelpolitico.com.ar\/wp-content\/uploads\/2023\/05\/IMG-20230519-WA0005-768x432.jpg 768w, https:\/\/www.elpolitologoyelpolitico.com.ar\/wp-content\/uploads\/2023\/05\/IMG-20230519-WA0005-1536x864.jpg 1536w, https:\/\/www.elpolitologoyelpolitico.com.ar\/wp-content\/uploads\/2023\/05\/IMG-20230519-WA0005.jpg 1600w\" sizes=\"(max-width: 1024px) 100vw, 1024px\" \/><\/figure>\n\n\n\n<figure class=\"wp-block-image size-large\"><img decoding=\"async\" width=\"1024\" height=\"576\" data-id=\"30941\" src=\"https:\/\/www.elpolitologoyelpolitico.com.ar\/wp-content\/uploads\/2023\/05\/IMG-20230519-WA0004-1024x576.jpg\" alt=\"\" class=\"wp-image-30941\" srcset=\"https:\/\/www.elpolitologoyelpolitico.com.ar\/wp-content\/uploads\/2023\/05\/IMG-20230519-WA0004-1024x576.jpg 1024w, https:\/\/www.elpolitologoyelpolitico.com.ar\/wp-content\/uploads\/2023\/05\/IMG-20230519-WA0004-300x169.jpg 300w, https:\/\/www.elpolitologoyelpolitico.com.ar\/wp-content\/uploads\/2023\/05\/IMG-20230519-WA0004-768x432.jpg 768w, https:\/\/www.elpolitologoyelpolitico.com.ar\/wp-content\/uploads\/2023\/05\/IMG-20230519-WA0004-1536x864.jpg 1536w, https:\/\/www.elpolitologoyelpolitico.com.ar\/wp-content\/uploads\/2023\/05\/IMG-20230519-WA0004.jpg 1600w\" sizes=\"(max-width: 1024px) 100vw, 1024px\" \/><\/figure>\n<\/figure>\n<div class=\"fb-background-color\">\n\t\t\t  <div \n\t\t\t  \tclass = \"fb-comments\" \n\t\t\t  \tdata-href = \"https:\/\/www.elpolitologoyelpolitico.com.ar\/wordpress\/2023\/05\/19\/viedma-y-ecopet-por-menos-plastico-en-las-playas\/\"\n\t\t\t  \tdata-numposts = \"10\"\n\t\t\t  \tdata-lazy = \"true\"\n\t\t\t\tdata-colorscheme = \"light\"\n\t\t\t\tdata-order-by = \"social\"\n\t\t\t\tdata-mobile=true>\n\t\t\t  <\/div><\/div>\n\t\t  <style>\n\t\t    .fb-background-color {\n\t\t\t\tbackground: #ffffff !important;\n\t\t\t}\n\t\t\t.fb_iframe_widget_fluid_desktop iframe {\n\t\t\t    width: 100% !important;\n\t\t\t}\n\t\t  <\/style>\n\t\t  ","protected":false},"excerpt":{"rendered":"<p>El Gobierno de Viedma junto a la organizaci\u00f3n ambientalista Ecopet continua retirando pl\u00e1sticos de nuestras playas.Se carg\u00f3 en el d\u00eda jueves un vag\u00f3n del Tren Patag\u00f3nico con pl\u00e1stico levantado en intensas jornadas de trabajo motorizadas por la ONG Ecopet y la Empresa LP SRL, junto al Hostel Refugio Perdido y la Subsecretaria del Balneario El [&hellip;]<\/p>\n","protected":false},"author":4,"featured_media":30939,"comment_status":"closed","ping_status":"closed","sticky":false,"template":"","format":"standard","meta":{"_joinchat":[],"footnotes":""},"categories":[39],"tags":[],"class_list":["post-30938","post","type-post","status-publish","format-standard","has-post-thumbnail","hentry","category-en-esta-seccion"],"_links":{"self":[{"href":"https:\/\/www.elpolitologoyelpolitico.com.ar\/wordpress\/wp-json\/wp\/v2\/posts\/30938","targetHints":{"allow":["GET"]}}],"collection":[{"href":"https:\/\/www.elpolitologoyelpolitico.com.ar\/wordpress\/wp-json\/wp\/v2\/posts"}],"about":[{"href":"https:\/\/www.elpolitologoyelpolitico.com.ar\/wordpress\/wp-json\/wp\/v2\/types\/post"}],"author":[{"embeddable":true,"href":"https:\/\/www.elpolitologoyelpolitico.com.ar\/wordpress\/wp-json\/wp\/v2\/users\/4"}],"replies":[{"embeddable":true,"href":"https:\/\/www.elpolitologoyelpolitico.com.ar\/wordpress\/wp-json\/wp\/v2\/comments?post=30938"}],"version-history":[{"count":0,"href":"https:\/\/www.elpolitologoyelpolitico.com.ar\/wordpress\/wp-json\/wp\/v2\/posts\/30938\/revisions"}],"wp:featuredmedia":[{"embeddable":true,"href":"https:\/\/www.elpolitologoyelpolitico.com.ar\/wordpress\/wp-json\/wp\/v2\/media\/30939"}],"wp:attachment":[{"href":"https:\/\/www.elpolitologoyelpolitico.com.ar\/wordpress\/wp-json\/wp\/v2\/media?parent=30938"}],"wp:term":[{"taxonomy":"category","embeddable":true,"href":"https:\/\/www.elpolitologoyelpolitico.com.ar\/wordpress\/wp-json\/wp\/v2\/categories?post=30938"},{"taxonomy":"post_tag","embeddable":true,"href":"https:\/\/www.elpolitologoyelpolitico.com.ar\/wordpress\/wp-json\/wp\/v2\/tags?post=30938"}],"curies":[{"name":"wp","href":"https:\/\/api.w.org\/{rel}","templated":true}]}}