{"id":30933,"date":"2023-05-19T13:59:52","date_gmt":"2023-05-19T13:59:52","guid":{"rendered":"https:\/\/www.elpolitologoyelpolitico.com.ar\/wordpress\/?p=30933"},"modified":"2023-05-19T13:59:53","modified_gmt":"2023-05-19T13:59:53","slug":"alumnos-del-taller-de-jardineria-visitaron-el-vivero-municipal","status":"publish","type":"post","link":"https:\/\/www.elpolitologoyelpolitico.com.ar\/wordpress\/2023\/05\/19\/alumnos-del-taller-de-jardineria-visitaron-el-vivero-municipal\/","title":{"rendered":"Alumnos del taller de Jardiner\u00eda visitaron el Vivero Municipal"},"content":{"rendered":"\n<p>La Secretar\u00eda de Desarrollo Social destac\u00f3 la jornada de intercambio entre los alumnos del taller de Jardiner\u00eda y el personal del Vivero Municipal de Carmen de Patagones.<\/p>\n\n\n\n<p>El encuentro result\u00f3 sumamente positivo, reforz\u00f3 los conocimientos que los estudiantes adquirieron en lo que va del a\u00f1o, y permiti\u00f3 llevar a la pr\u00e1ctica el conocimiento te\u00f3rico, adem\u00e1s de despejar consultas.<\/p>\n\n\n\n<figure class=\"wp-block-gallery has-nested-images columns-default is-cropped wp-block-gallery-1 is-layout-flex wp-block-gallery-is-layout-flex\">\n<figure class=\"wp-block-image size-large\"><img fetchpriority=\"high\" decoding=\"async\" width=\"1024\" height=\"768\" data-id=\"30935\" src=\"https:\/\/www.elpolitologoyelpolitico.com.ar\/wp-content\/uploads\/2023\/05\/IMG-20230519-WA0001-1024x768.jpg\" alt=\"\" class=\"wp-image-30935\" srcset=\"https:\/\/www.elpolitologoyelpolitico.com.ar\/wp-content\/uploads\/2023\/05\/IMG-20230519-WA0001-1024x768.jpg 1024w, https:\/\/www.elpolitologoyelpolitico.com.ar\/wp-content\/uploads\/2023\/05\/IMG-20230519-WA0001-300x225.jpg 300w, https:\/\/www.elpolitologoyelpolitico.com.ar\/wp-content\/uploads\/2023\/05\/IMG-20230519-WA0001-768x576.jpg 768w, https:\/\/www.elpolitologoyelpolitico.com.ar\/wp-content\/uploads\/2023\/05\/IMG-20230519-WA0001.jpg 1280w\" sizes=\"(max-width: 1024px) 100vw, 1024px\" \/><\/figure>\n\n\n\n<figure class=\"wp-block-image size-large\"><img decoding=\"async\" width=\"1024\" height=\"768\" data-id=\"30936\" src=\"https:\/\/www.elpolitologoyelpolitico.com.ar\/wp-content\/uploads\/2023\/05\/IMG-20230519-WA0002-1024x768.jpg\" alt=\"\" class=\"wp-image-30936\" srcset=\"https:\/\/www.elpolitologoyelpolitico.com.ar\/wp-content\/uploads\/2023\/05\/IMG-20230519-WA0002-1024x768.jpg 1024w, https:\/\/www.elpolitologoyelpolitico.com.ar\/wp-content\/uploads\/2023\/05\/IMG-20230519-WA0002-300x225.jpg 300w, https:\/\/www.elpolitologoyelpolitico.com.ar\/wp-content\/uploads\/2023\/05\/IMG-20230519-WA0002-768x576.jpg 768w, https:\/\/www.elpolitologoyelpolitico.com.ar\/wp-content\/uploads\/2023\/05\/IMG-20230519-WA0002.jpg 1280w\" sizes=\"(max-width: 1024px) 100vw, 1024px\" \/><\/figure>\n<\/figure>\n<div class=\"fb-background-color\">\n\t\t\t  <div \n\t\t\t  \tclass = \"fb-comments\" \n\t\t\t  \tdata-href = \"https:\/\/www.elpolitologoyelpolitico.com.ar\/wordpress\/2023\/05\/19\/alumnos-del-taller-de-jardineria-visitaron-el-vivero-municipal\/\"\n\t\t\t  \tdata-numposts = \"10\"\n\t\t\t  \tdata-lazy = \"true\"\n\t\t\t\tdata-colorscheme = \"light\"\n\t\t\t\tdata-order-by = \"social\"\n\t\t\t\tdata-mobile=true>\n\t\t\t  <\/div><\/div>\n\t\t  <style>\n\t\t    .fb-background-color {\n\t\t\t\tbackground: #ffffff !important;\n\t\t\t}\n\t\t\t.fb_iframe_widget_fluid_desktop iframe {\n\t\t\t    width: 100% !important;\n\t\t\t}\n\t\t  <\/style>\n\t\t  ","protected":false},"excerpt":{"rendered":"<p>La Secretar\u00eda de Desarrollo Social destac\u00f3 la jornada de intercambio entre los alumnos del taller de Jardiner\u00eda y el personal del Vivero Municipal de Carmen de Patagones. El encuentro result\u00f3 sumamente positivo, reforz\u00f3 los conocimientos que los estudiantes adquirieron en lo que va del a\u00f1o, y permiti\u00f3 llevar a la pr\u00e1ctica el conocimiento te\u00f3rico, adem\u00e1s [&hellip;]<\/p>\n","protected":false},"author":4,"featured_media":30934,"comment_status":"closed","ping_status":"closed","sticky":false,"template":"","format":"standard","meta":{"_joinchat":[],"footnotes":""},"categories":[39],"tags":[],"class_list":["post-30933","post","type-post","status-publish","format-standard","has-post-thumbnail","hentry","category-en-esta-seccion"],"_links":{"self":[{"href":"https:\/\/www.elpolitologoyelpolitico.com.ar\/wordpress\/wp-json\/wp\/v2\/posts\/30933","targetHints":{"allow":["GET"]}}],"collection":[{"href":"https:\/\/www.elpolitologoyelpolitico.com.ar\/wordpress\/wp-json\/wp\/v2\/posts"}],"about":[{"href":"https:\/\/www.elpolitologoyelpolitico.com.ar\/wordpress\/wp-json\/wp\/v2\/types\/post"}],"author":[{"embeddable":true,"href":"https:\/\/www.elpolitologoyelpolitico.com.ar\/wordpress\/wp-json\/wp\/v2\/users\/4"}],"replies":[{"embeddable":true,"href":"https:\/\/www.elpolitologoyelpolitico.com.ar\/wordpress\/wp-json\/wp\/v2\/comments?post=30933"}],"version-history":[{"count":0,"href":"https:\/\/www.elpolitologoyelpolitico.com.ar\/wordpress\/wp-json\/wp\/v2\/posts\/30933\/revisions"}],"wp:featuredmedia":[{"embeddable":true,"href":"https:\/\/www.elpolitologoyelpolitico.com.ar\/wordpress\/wp-json\/wp\/v2\/media\/30934"}],"wp:attachment":[{"href":"https:\/\/www.elpolitologoyelpolitico.com.ar\/wordpress\/wp-json\/wp\/v2\/media?parent=30933"}],"wp:term":[{"taxonomy":"category","embeddable":true,"href":"https:\/\/www.elpolitologoyelpolitico.com.ar\/wordpress\/wp-json\/wp\/v2\/categories?post=30933"},{"taxonomy":"post_tag","embeddable":true,"href":"https:\/\/www.elpolitologoyelpolitico.com.ar\/wordpress\/wp-json\/wp\/v2\/tags?post=30933"}],"curies":[{"name":"wp","href":"https:\/\/api.w.org\/{rel}","templated":true}]}}