{"id":30929,"date":"2023-05-18T23:11:34","date_gmt":"2023-05-18T23:11:34","guid":{"rendered":"https:\/\/www.elpolitologoyelpolitico.com.ar\/wordpress\/?p=30929"},"modified":"2023-05-18T23:19:24","modified_gmt":"2023-05-18T23:19:24","slug":"el-intendente-zara-se-reunio-con-referentes-de-seguridad-de-la-region","status":"publish","type":"post","link":"https:\/\/www.elpolitologoyelpolitico.com.ar\/wordpress\/2023\/05\/18\/el-intendente-zara-se-reunio-con-referentes-de-seguridad-de-la-region\/","title":{"rendered":"El Intendente Zara se reuni\u00f3 con referentes de seguridad de la regi\u00f3n"},"content":{"rendered":"\n<p>Este mi\u00e9rcoles, el Intendente Municipal, Ing. Jos\u00e9 Luis Zara, recibi\u00f3 en su despacho al Coordinador de la Superintendencia Zona Sur, Comisario Inspector Pablo Rascouta, al Coordinador de Zona Bah\u00eda Blanca Seguridad Rural, Comisario Inspector Christian O&#8217;Higgins, y al Director Operativo Sur de la Superintendencia de Seguridad Rural, Comisario Mayor Diego Orlando Bravo.<\/p>\n\n\n\n<p>El jefe comunal estuvo acompa\u00f1ado por el Jefe de Gabinete, Fabio Bettinelli, y el Secretario de Seguridad, Sandro Pino, y el Jefe Comunal, Comisario Inspector Javier Gallardi.<\/p>\n\n\n\n<p>El encuentro tuvo como eje principal fortalecer el trabajo en conjunto en materia de prevenci\u00f3n y seguridad en la zona rural y el sector urbano.<\/p>\n\n\n\n<p>Adem\u00e1s, se hizo hincapi\u00e9 en el trabajo mancomunado que llevan adelante las distintas dependencias policiales con las \u00e1reas municipales.<\/p>\n\n\n\n<figure class=\"wp-block-image size-large\"><img fetchpriority=\"high\" decoding=\"async\" width=\"1024\" height=\"683\" src=\"https:\/\/www.elpolitologoyelpolitico.com.ar\/wp-content\/uploads\/2023\/05\/IMG-20230518-WA0039-1024x683.jpg\" alt=\"\" class=\"wp-image-30931\" srcset=\"https:\/\/www.elpolitologoyelpolitico.com.ar\/wp-content\/uploads\/2023\/05\/IMG-20230518-WA0039-1024x683.jpg 1024w, https:\/\/www.elpolitologoyelpolitico.com.ar\/wp-content\/uploads\/2023\/05\/IMG-20230518-WA0039-300x200.jpg 300w, https:\/\/www.elpolitologoyelpolitico.com.ar\/wp-content\/uploads\/2023\/05\/IMG-20230518-WA0039-768x512.jpg 768w, https:\/\/www.elpolitologoyelpolitico.com.ar\/wp-content\/uploads\/2023\/05\/IMG-20230518-WA0039-1536x1024.jpg 1536w, https:\/\/www.elpolitologoyelpolitico.com.ar\/wp-content\/uploads\/2023\/05\/IMG-20230518-WA0039.jpg 1599w\" sizes=\"(max-width: 1024px) 100vw, 1024px\" \/><\/figure>\n<div class=\"fb-background-color\">\n\t\t\t  <div \n\t\t\t  \tclass = \"fb-comments\" \n\t\t\t  \tdata-href = \"https:\/\/www.elpolitologoyelpolitico.com.ar\/wordpress\/2023\/05\/18\/el-intendente-zara-se-reunio-con-referentes-de-seguridad-de-la-region\/\"\n\t\t\t  \tdata-numposts = \"10\"\n\t\t\t  \tdata-lazy = \"true\"\n\t\t\t\tdata-colorscheme = \"light\"\n\t\t\t\tdata-order-by = \"social\"\n\t\t\t\tdata-mobile=true>\n\t\t\t  <\/div><\/div>\n\t\t  <style>\n\t\t    .fb-background-color {\n\t\t\t\tbackground: #ffffff !important;\n\t\t\t}\n\t\t\t.fb_iframe_widget_fluid_desktop iframe {\n\t\t\t    width: 100% !important;\n\t\t\t}\n\t\t  <\/style>\n\t\t  ","protected":false},"excerpt":{"rendered":"<p>Este mi\u00e9rcoles, el Intendente Municipal, Ing. Jos\u00e9 Luis Zara, recibi\u00f3 en su despacho al Coordinador de la Superintendencia Zona Sur, Comisario Inspector Pablo Rascouta, al Coordinador de Zona Bah\u00eda Blanca Seguridad Rural, Comisario Inspector Christian O&#8217;Higgins, y al Director Operativo Sur de la Superintendencia de Seguridad Rural, Comisario Mayor Diego Orlando Bravo. El jefe comunal [&hellip;]<\/p>\n","protected":false},"author":4,"featured_media":30930,"comment_status":"closed","ping_status":"closed","sticky":false,"template":"","format":"standard","meta":{"_joinchat":[],"footnotes":""},"categories":[39],"tags":[],"class_list":["post-30929","post","type-post","status-publish","format-standard","has-post-thumbnail","hentry","category-en-esta-seccion"],"_links":{"self":[{"href":"https:\/\/www.elpolitologoyelpolitico.com.ar\/wordpress\/wp-json\/wp\/v2\/posts\/30929","targetHints":{"allow":["GET"]}}],"collection":[{"href":"https:\/\/www.elpolitologoyelpolitico.com.ar\/wordpress\/wp-json\/wp\/v2\/posts"}],"about":[{"href":"https:\/\/www.elpolitologoyelpolitico.com.ar\/wordpress\/wp-json\/wp\/v2\/types\/post"}],"author":[{"embeddable":true,"href":"https:\/\/www.elpolitologoyelpolitico.com.ar\/wordpress\/wp-json\/wp\/v2\/users\/4"}],"replies":[{"embeddable":true,"href":"https:\/\/www.elpolitologoyelpolitico.com.ar\/wordpress\/wp-json\/wp\/v2\/comments?post=30929"}],"version-history":[{"count":0,"href":"https:\/\/www.elpolitologoyelpolitico.com.ar\/wordpress\/wp-json\/wp\/v2\/posts\/30929\/revisions"}],"wp:featuredmedia":[{"embeddable":true,"href":"https:\/\/www.elpolitologoyelpolitico.com.ar\/wordpress\/wp-json\/wp\/v2\/media\/30930"}],"wp:attachment":[{"href":"https:\/\/www.elpolitologoyelpolitico.com.ar\/wordpress\/wp-json\/wp\/v2\/media?parent=30929"}],"wp:term":[{"taxonomy":"category","embeddable":true,"href":"https:\/\/www.elpolitologoyelpolitico.com.ar\/wordpress\/wp-json\/wp\/v2\/categories?post=30929"},{"taxonomy":"post_tag","embeddable":true,"href":"https:\/\/www.elpolitologoyelpolitico.com.ar\/wordpress\/wp-json\/wp\/v2\/tags?post=30929"}],"curies":[{"name":"wp","href":"https:\/\/api.w.org\/{rel}","templated":true}]}}