{"id":30915,"date":"2023-05-18T15:40:14","date_gmt":"2023-05-18T15:40:14","guid":{"rendered":"https:\/\/www.elpolitologoyelpolitico.com.ar\/wordpress\/?p=30915"},"modified":"2023-05-18T15:40:15","modified_gmt":"2023-05-18T15:40:15","slug":"viedma-la-policia-secuestro-mas-de-24-kilos-de-marihuana","status":"publish","type":"post","link":"https:\/\/www.elpolitologoyelpolitico.com.ar\/wordpress\/2023\/05\/18\/viedma-la-policia-secuestro-mas-de-24-kilos-de-marihuana\/","title":{"rendered":"VIEDMA: La Polic\u00eda secuestr\u00f3 mas de 24 kilos de Marihuana"},"content":{"rendered":"\n<p>Otra importante y exitosa investigaci\u00f3n llev\u00f3 a cabo la Polic\u00eda de R\u00edo Negro junto a la Justicia Federal, a trav\u00e9s de la cual se lograron secuestrar m\u00e1s de 24 kilos de marihuana y una importante suma de dinero en Viedma.<\/p>\n\n\n\n<p>La investigaci\u00f3n estuvo a cargo de la Delegaci\u00f3n de Toxicoman\u00eda y Leyes Especiales Zona Atl\u00e1ntica de la Polic\u00eda rionegrina y tras aportarse diferentes pruebas, el Juzgado Federal a cargo del Dr. Ezequiel Andreani, dispuso que se realicen cuatro allanamientos en la capital provincial.<\/p>\n\n\n\n<p>A trav\u00e9s de los operativos se ldesarticul\u00f3 una banda dedicada al comercio de estupefacientes y se secuestraron m\u00e1s de 18 kilos de marihuana compactada en forma de ladrillos, y 6 kilos de marihuana desmenuzada y flores (cogollos).&nbsp;<\/p>\n\n\n\n<p>Adem\u00e1s se incaut\u00f3 una suma superior a los 2 millones y medio de pesos, balanzas y celulares. Tras los allanamientos, cuatro personas resultaron detenidas.<br>Colaboraron durante los procedimientos, Canes Anti Narc\u00f3ticos, Grupo Especial COER y Gabinete de Criminal\u00edstica, todos de la localidad de Viedma.<\/p>\n\n\n\n<p>Nuevamente con un trabajo constante e investigaciones de calidad y en articulaci\u00f3n con la Justicia Federal, se siguen obteniendo\u00a0 importantes resultados en el marco de las pol\u00edticas contra el narcotr\u00e1fico del Estado rionegrino.<\/p>\n\n\n\n<figure class=\"wp-block-gallery has-nested-images columns-default is-cropped wp-block-gallery-1 is-layout-flex wp-block-gallery-is-layout-flex\">\n<figure class=\"wp-block-image size-large\"><img fetchpriority=\"high\" decoding=\"async\" width=\"575\" height=\"1024\" data-id=\"30917\" src=\"https:\/\/www.elpolitologoyelpolitico.com.ar\/wp-content\/uploads\/2023\/05\/IMG-20230518-WA0011-575x1024.jpg\" alt=\"\" class=\"wp-image-30917\" srcset=\"https:\/\/www.elpolitologoyelpolitico.com.ar\/wp-content\/uploads\/2023\/05\/IMG-20230518-WA0011-575x1024.jpg 575w, https:\/\/www.elpolitologoyelpolitico.com.ar\/wp-content\/uploads\/2023\/05\/IMG-20230518-WA0011-169x300.jpg 169w, https:\/\/www.elpolitologoyelpolitico.com.ar\/wp-content\/uploads\/2023\/05\/IMG-20230518-WA0011.jpg 719w\" sizes=\"(max-width: 575px) 100vw, 575px\" \/><\/figure>\n\n\n\n<figure class=\"wp-block-image size-large\"><img decoding=\"async\" width=\"770\" height=\"1024\" data-id=\"30918\" src=\"https:\/\/www.elpolitologoyelpolitico.com.ar\/wp-content\/uploads\/2023\/05\/IMG-20230518-WA0012-770x1024.jpg\" alt=\"\" class=\"wp-image-30918\" srcset=\"https:\/\/www.elpolitologoyelpolitico.com.ar\/wp-content\/uploads\/2023\/05\/IMG-20230518-WA0012-770x1024.jpg 770w, https:\/\/www.elpolitologoyelpolitico.com.ar\/wp-content\/uploads\/2023\/05\/IMG-20230518-WA0012-226x300.jpg 226w, https:\/\/www.elpolitologoyelpolitico.com.ar\/wp-content\/uploads\/2023\/05\/IMG-20230518-WA0012-768x1021.jpg 768w, https:\/\/www.elpolitologoyelpolitico.com.ar\/wp-content\/uploads\/2023\/05\/IMG-20230518-WA0012.jpg 963w\" sizes=\"(max-width: 770px) 100vw, 770px\" \/><\/figure>\n<\/figure>\n<div class=\"fb-background-color\">\n\t\t\t  <div \n\t\t\t  \tclass = \"fb-comments\" \n\t\t\t  \tdata-href = \"https:\/\/www.elpolitologoyelpolitico.com.ar\/wordpress\/2023\/05\/18\/viedma-la-policia-secuestro-mas-de-24-kilos-de-marihuana\/\"\n\t\t\t  \tdata-numposts = \"10\"\n\t\t\t  \tdata-lazy = \"true\"\n\t\t\t\tdata-colorscheme = \"light\"\n\t\t\t\tdata-order-by = \"social\"\n\t\t\t\tdata-mobile=true>\n\t\t\t  <\/div><\/div>\n\t\t  <style>\n\t\t    .fb-background-color {\n\t\t\t\tbackground: #ffffff !important;\n\t\t\t}\n\t\t\t.fb_iframe_widget_fluid_desktop iframe {\n\t\t\t    width: 100% !important;\n\t\t\t}\n\t\t  <\/style>\n\t\t  ","protected":false},"excerpt":{"rendered":"<p>Otra importante y exitosa investigaci\u00f3n llev\u00f3 a cabo la Polic\u00eda de R\u00edo Negro junto a la Justicia Federal, a trav\u00e9s de la cual se lograron secuestrar m\u00e1s de 24 kilos de marihuana y una importante suma de dinero en Viedma. La investigaci\u00f3n estuvo a cargo de la Delegaci\u00f3n de Toxicoman\u00eda y Leyes Especiales Zona Atl\u00e1ntica [&hellip;]<\/p>\n","protected":false},"author":4,"featured_media":30916,"comment_status":"closed","ping_status":"closed","sticky":false,"template":"","format":"standard","meta":{"_joinchat":[],"footnotes":""},"categories":[39],"tags":[],"class_list":["post-30915","post","type-post","status-publish","format-standard","has-post-thumbnail","hentry","category-en-esta-seccion"],"_links":{"self":[{"href":"https:\/\/www.elpolitologoyelpolitico.com.ar\/wordpress\/wp-json\/wp\/v2\/posts\/30915","targetHints":{"allow":["GET"]}}],"collection":[{"href":"https:\/\/www.elpolitologoyelpolitico.com.ar\/wordpress\/wp-json\/wp\/v2\/posts"}],"about":[{"href":"https:\/\/www.elpolitologoyelpolitico.com.ar\/wordpress\/wp-json\/wp\/v2\/types\/post"}],"author":[{"embeddable":true,"href":"https:\/\/www.elpolitologoyelpolitico.com.ar\/wordpress\/wp-json\/wp\/v2\/users\/4"}],"replies":[{"embeddable":true,"href":"https:\/\/www.elpolitologoyelpolitico.com.ar\/wordpress\/wp-json\/wp\/v2\/comments?post=30915"}],"version-history":[{"count":0,"href":"https:\/\/www.elpolitologoyelpolitico.com.ar\/wordpress\/wp-json\/wp\/v2\/posts\/30915\/revisions"}],"wp:featuredmedia":[{"embeddable":true,"href":"https:\/\/www.elpolitologoyelpolitico.com.ar\/wordpress\/wp-json\/wp\/v2\/media\/30916"}],"wp:attachment":[{"href":"https:\/\/www.elpolitologoyelpolitico.com.ar\/wordpress\/wp-json\/wp\/v2\/media?parent=30915"}],"wp:term":[{"taxonomy":"category","embeddable":true,"href":"https:\/\/www.elpolitologoyelpolitico.com.ar\/wordpress\/wp-json\/wp\/v2\/categories?post=30915"},{"taxonomy":"post_tag","embeddable":true,"href":"https:\/\/www.elpolitologoyelpolitico.com.ar\/wordpress\/wp-json\/wp\/v2\/tags?post=30915"}],"curies":[{"name":"wp","href":"https:\/\/api.w.org\/{rel}","templated":true}]}}