{"id":30912,"date":"2023-05-18T14:52:23","date_gmt":"2023-05-18T14:52:23","guid":{"rendered":"https:\/\/www.elpolitologoyelpolitico.com.ar\/wordpress\/?p=30912"},"modified":"2023-05-18T14:52:24","modified_gmt":"2023-05-18T14:52:24","slug":"cosme-nacci-presenta-su-novela-policial-el-caso-costello-en-el-centro-cultural","status":"publish","type":"post","link":"https:\/\/www.elpolitologoyelpolitico.com.ar\/wordpress\/2023\/05\/18\/cosme-nacci-presenta-su-novela-policial-el-caso-costello-en-el-centro-cultural\/","title":{"rendered":"Cosme Nacci presenta su novela policial \u201cEl caso Costello\u201d en el Centro Cultural"},"content":{"rendered":"\n<p>Este mi\u00e9rcoles 17 de mayo a las 19, en la Sala Biagetti del Centro Municipal de Cultura,&nbsp;el gobierno de Viedma a trav\u00e9s de la Editorial Municipal invita la presentaci\u00f3n de la nueva novela de Cosme Nacci \u201cEl caso Costello\u201d publicada por la Editorial Vela al Viento.<\/p>\n\n\n\n<p>Esta novela policial cuenta el robo de un diamante millonario, con una larga y oscura historia detr\u00e1s, desata la violencia entre los que quieren conservarlo&nbsp; y los que buscan recuperarlo.<\/p>\n\n\n\n<p>En el avance del relato, los protagonistas de la violencia olvidan la raz\u00f3n que motiva sus actos (el diamante)&nbsp; y ya son otros los intereses que est\u00e1n&nbsp; detr\u00e1s de sus decisiones. Investigaciones policiales&nbsp; atravesadas por internas en la fuerza, una historia de sexo y amor en medio de la violencia, una feroz cacer\u00eda por la ciudad de Buenos Aires&nbsp;&nbsp;convertida en otra protagonista del relato,son las distintas aristas y caras&nbsp; de esta atrapante novela negra.<\/p>\n\n\n\n<p>Sobre Cosme Nacci:<br>Naci\u00f3 en Buenos Aires donde se recibi\u00f3 de abogado en la UBA Realiz\u00f3 estudios de Direcci\u00f3n de Cine en el Instituto Nacional de Cine y de Historia del arte La presente es la quinta novela que escribi\u00f3 y la tercera publicada siempre dentro del g\u00e9nero policial negro Sus referencias son Hemingway en particular por su memorable cuento Los Asesinos Raymond Chandler y Dashiell Hammett Sus influencias cinefilas son Jean Pierre Melville Jaques Tourner y John Huston Actualmente est\u00e1 jubilado y vive en Viedma.<\/p>\n<div class=\"fb-background-color\">\n\t\t\t  <div \n\t\t\t  \tclass = \"fb-comments\" \n\t\t\t  \tdata-href = \"https:\/\/www.elpolitologoyelpolitico.com.ar\/wordpress\/2023\/05\/18\/cosme-nacci-presenta-su-novela-policial-el-caso-costello-en-el-centro-cultural\/\"\n\t\t\t  \tdata-numposts = \"10\"\n\t\t\t  \tdata-lazy = \"true\"\n\t\t\t\tdata-colorscheme = \"light\"\n\t\t\t\tdata-order-by = \"social\"\n\t\t\t\tdata-mobile=true>\n\t\t\t  <\/div><\/div>\n\t\t  <style>\n\t\t    .fb-background-color {\n\t\t\t\tbackground: #ffffff !important;\n\t\t\t}\n\t\t\t.fb_iframe_widget_fluid_desktop iframe {\n\t\t\t    width: 100% !important;\n\t\t\t}\n\t\t  <\/style>\n\t\t  ","protected":false},"excerpt":{"rendered":"<p>Este mi\u00e9rcoles 17 de mayo a las 19, en la Sala Biagetti del Centro Municipal de Cultura,&nbsp;el gobierno de Viedma a trav\u00e9s de la Editorial Municipal invita la presentaci\u00f3n de la nueva novela de Cosme Nacci \u201cEl caso Costello\u201d publicada por la Editorial Vela al Viento. Esta novela policial cuenta el robo de un diamante [&hellip;]<\/p>\n","protected":false},"author":4,"featured_media":30913,"comment_status":"closed","ping_status":"closed","sticky":false,"template":"","format":"standard","meta":{"_joinchat":[],"footnotes":""},"categories":[39],"tags":[],"class_list":["post-30912","post","type-post","status-publish","format-standard","has-post-thumbnail","hentry","category-en-esta-seccion"],"_links":{"self":[{"href":"https:\/\/www.elpolitologoyelpolitico.com.ar\/wordpress\/wp-json\/wp\/v2\/posts\/30912","targetHints":{"allow":["GET"]}}],"collection":[{"href":"https:\/\/www.elpolitologoyelpolitico.com.ar\/wordpress\/wp-json\/wp\/v2\/posts"}],"about":[{"href":"https:\/\/www.elpolitologoyelpolitico.com.ar\/wordpress\/wp-json\/wp\/v2\/types\/post"}],"author":[{"embeddable":true,"href":"https:\/\/www.elpolitologoyelpolitico.com.ar\/wordpress\/wp-json\/wp\/v2\/users\/4"}],"replies":[{"embeddable":true,"href":"https:\/\/www.elpolitologoyelpolitico.com.ar\/wordpress\/wp-json\/wp\/v2\/comments?post=30912"}],"version-history":[{"count":0,"href":"https:\/\/www.elpolitologoyelpolitico.com.ar\/wordpress\/wp-json\/wp\/v2\/posts\/30912\/revisions"}],"wp:featuredmedia":[{"embeddable":true,"href":"https:\/\/www.elpolitologoyelpolitico.com.ar\/wordpress\/wp-json\/wp\/v2\/media\/30913"}],"wp:attachment":[{"href":"https:\/\/www.elpolitologoyelpolitico.com.ar\/wordpress\/wp-json\/wp\/v2\/media?parent=30912"}],"wp:term":[{"taxonomy":"category","embeddable":true,"href":"https:\/\/www.elpolitologoyelpolitico.com.ar\/wordpress\/wp-json\/wp\/v2\/categories?post=30912"},{"taxonomy":"post_tag","embeddable":true,"href":"https:\/\/www.elpolitologoyelpolitico.com.ar\/wordpress\/wp-json\/wp\/v2\/tags?post=30912"}],"curies":[{"name":"wp","href":"https:\/\/api.w.org\/{rel}","templated":true}]}}