{"id":30906,"date":"2023-05-18T14:36:05","date_gmt":"2023-05-18T14:36:05","guid":{"rendered":"https:\/\/www.elpolitologoyelpolitico.com.ar\/wordpress\/?p=30906"},"modified":"2023-05-18T14:49:24","modified_gmt":"2023-05-18T14:49:24","slug":"hoy-se-realizo-el-acto-de-imposicion-del-nombre-patricia-covey-al-edifico-del-cic","status":"publish","type":"post","link":"https:\/\/www.elpolitologoyelpolitico.com.ar\/wordpress\/2023\/05\/18\/hoy-se-realizo-el-acto-de-imposicion-del-nombre-patricia-covey-al-edifico-del-cic\/","title":{"rendered":"Se realiz\u00f3 el acto de imposici\u00f3n del nombre \u201cPatricia Covey\u201d al edifico del CIC"},"content":{"rendered":"\n<p>Este mi\u00e9rcoles, el Intendente Municipal, Ing. Jos\u00e9 Luis Zara, particip\u00f3 del acto de imposici\u00f3n del nombre \u201cPatricia Covey\u201d, a las instalaciones del Centro Integrador Comunitario, de Carmen de Patagones.<\/p>\n\n\n\n<p>Estuvo acompa\u00f1ado por el Jefe de Gabinete, Fabio Bettinelli, el Secretario de Gobierno, Daniel Paredes, el Secretario de Desarrollo Social, Leandro Merlo Ezcurra, y el Subdirector de Pensiones y responsable del CIC, Facundo Arbur\u00faa.<\/p>\n\n\n\n<p>Adem\u00e1s, estuvieron presentes el Presidente del Honorable Concejo Deliberante, Julio Costantino, y en representaci\u00f3n de los bloques legislativos, por Juntos, la presidente del mismo, Romina Colombi, por el Interbloque del Frente Renovador, Mariel Cinirella, y por el bloque del Frente de Todos, Santiago Dalmau.<\/p>\n\n\n\n<p>Tambi\u00e9n concurrieron familiares de Patricia Covey, el Secretario General de la Asociaci\u00f3n Empleados de Comercio, Ricardo Marino, e integrantes de la Feria Comunitaria La Comarca.<\/p>\n\n\n\n<p>Al comenzar el acto se hizo referencia a la iniciativa que surgi\u00f3 desde la Feria Comunitaria, con el aval de m\u00e1s de 500 firmas y luego fue plasmada en un proyecto de Ordenanza elevado al HCD por la concejal, Mariel Cinirella, y aprobado por el legislativo mediante la Ordenanza N\u00b03675.<br>La apertura del acto estuvo a cargo de la referente de la Feria Comunitaria La Comarca, Ver\u00f3nica Mar\u00edn. Luego hizo lo propio la concejal Cinirella.<\/p>\n\n\n\n<p>Minutos despu\u00e9s tom\u00f3 la palabra Miguel \u00c1ngel Rodr\u00edguez, esposo de Patricia Covey, seguido por el presidente del HCD, Julio Costantino.<\/p>\n\n\n\n<p>Para finalizar, hizo lo propio el Intendente Municipal, Ing. Jos\u00e9 Luis Zara, quien destac\u00f3 la iniciativa y la trayectoria de Patricia Covey, hizo referencia a su impronta en lo social y resalt\u00f3 la aprobaci\u00f3n por unanimidad del proyecto por parte de los bloques legislativos.<\/p>\n\n\n\n<p>Asimismo, el mandatario record\u00f3 que, en su paso por la gesti\u00f3n municipal, Covey se entreg\u00f3 al servicio de la comunidad en tiempos dif\u00edciles, como los actuales, y en ese marco destac\u00f3 el acompa\u00f1amiento de su familia en una profesi\u00f3n que requiere de dedicaci\u00f3n constante.<\/p>\n\n\n\n<p>Para finalizar, Zara valor\u00f3 la iniciativa conjunta de quienes integran la Feria Comunitaria de imponer el nombre Patricia Covey a un espacio representativo de su persona, relacionado a la atenci\u00f3n constante del desarrollo, el progreso, la salud y la educaci\u00f3n, como es el Centro Integrador Comunitario actualmente para los vecinos del barrio Villa Lynch y aleda\u00f1os.<\/p>\n\n\n\n<p>Cabe se\u00f1alar que la ceremonia que se concret\u00f3 este mi\u00e9rcoles da cumplimiento a los art\u00edculos previstos en la Ordenanza Municipal N\u00b03675, aprobada por unanimidad en la 8\u00aa sesi\u00f3n ordinaria del d\u00eda 8 de junio del 2022, por el Honorable Concejo Deliberante de Patagones.<\/p>\n\n\n\n<figure class=\"wp-block-gallery has-nested-images columns-default is-cropped wp-block-gallery-1 is-layout-flex wp-block-gallery-is-layout-flex\">\n<figure class=\"wp-block-image size-large\"><img fetchpriority=\"high\" decoding=\"async\" width=\"1024\" height=\"683\" data-id=\"30908\" src=\"https:\/\/www.elpolitologoyelpolitico.com.ar\/wp-content\/uploads\/2023\/05\/IMG-20230518-WA0007-1024x683.jpg\" alt=\"\" class=\"wp-image-30908\" srcset=\"https:\/\/www.elpolitologoyelpolitico.com.ar\/wp-content\/uploads\/2023\/05\/IMG-20230518-WA0007-1024x683.jpg 1024w, https:\/\/www.elpolitologoyelpolitico.com.ar\/wp-content\/uploads\/2023\/05\/IMG-20230518-WA0007-300x200.jpg 300w, https:\/\/www.elpolitologoyelpolitico.com.ar\/wp-content\/uploads\/2023\/05\/IMG-20230518-WA0007-768x512.jpg 768w, https:\/\/www.elpolitologoyelpolitico.com.ar\/wp-content\/uploads\/2023\/05\/IMG-20230518-WA0007-1536x1024.jpg 1536w, https:\/\/www.elpolitologoyelpolitico.com.ar\/wp-content\/uploads\/2023\/05\/IMG-20230518-WA0007.jpg 1599w\" sizes=\"(max-width: 1024px) 100vw, 1024px\" \/><\/figure>\n\n\n\n<figure class=\"wp-block-image size-large\"><img decoding=\"async\" width=\"1024\" height=\"683\" data-id=\"30909\" src=\"https:\/\/www.elpolitologoyelpolitico.com.ar\/wp-content\/uploads\/2023\/05\/IMG-20230518-WA0009-1024x683.jpg\" alt=\"\" class=\"wp-image-30909\" srcset=\"https:\/\/www.elpolitologoyelpolitico.com.ar\/wp-content\/uploads\/2023\/05\/IMG-20230518-WA0009-1024x683.jpg 1024w, https:\/\/www.elpolitologoyelpolitico.com.ar\/wp-content\/uploads\/2023\/05\/IMG-20230518-WA0009-300x200.jpg 300w, https:\/\/www.elpolitologoyelpolitico.com.ar\/wp-content\/uploads\/2023\/05\/IMG-20230518-WA0009-768x512.jpg 768w, https:\/\/www.elpolitologoyelpolitico.com.ar\/wp-content\/uploads\/2023\/05\/IMG-20230518-WA0009-1536x1024.jpg 1536w, https:\/\/www.elpolitologoyelpolitico.com.ar\/wp-content\/uploads\/2023\/05\/IMG-20230518-WA0009.jpg 1599w\" sizes=\"(max-width: 1024px) 100vw, 1024px\" \/><\/figure>\n<\/figure>\n<div class=\"fb-background-color\">\n\t\t\t  <div \n\t\t\t  \tclass = \"fb-comments\" \n\t\t\t  \tdata-href = \"https:\/\/www.elpolitologoyelpolitico.com.ar\/wordpress\/2023\/05\/18\/hoy-se-realizo-el-acto-de-imposicion-del-nombre-patricia-covey-al-edifico-del-cic\/\"\n\t\t\t  \tdata-numposts = \"10\"\n\t\t\t  \tdata-lazy = \"true\"\n\t\t\t\tdata-colorscheme = \"light\"\n\t\t\t\tdata-order-by = \"social\"\n\t\t\t\tdata-mobile=true>\n\t\t\t  <\/div><\/div>\n\t\t  <style>\n\t\t    .fb-background-color {\n\t\t\t\tbackground: #ffffff !important;\n\t\t\t}\n\t\t\t.fb_iframe_widget_fluid_desktop iframe {\n\t\t\t    width: 100% !important;\n\t\t\t}\n\t\t  <\/style>\n\t\t  ","protected":false},"excerpt":{"rendered":"<p>Este mi\u00e9rcoles, el Intendente Municipal, Ing. Jos\u00e9 Luis Zara, particip\u00f3 del acto de imposici\u00f3n del nombre \u201cPatricia Covey\u201d, a las instalaciones del Centro Integrador Comunitario, de Carmen de Patagones. Estuvo acompa\u00f1ado por el Jefe de Gabinete, Fabio Bettinelli, el Secretario de Gobierno, Daniel Paredes, el Secretario de Desarrollo Social, Leandro Merlo Ezcurra, y el Subdirector [&hellip;]<\/p>\n","protected":false},"author":4,"featured_media":30907,"comment_status":"closed","ping_status":"closed","sticky":false,"template":"","format":"standard","meta":{"_joinchat":[],"footnotes":""},"categories":[39],"tags":[],"class_list":["post-30906","post","type-post","status-publish","format-standard","has-post-thumbnail","hentry","category-en-esta-seccion"],"_links":{"self":[{"href":"https:\/\/www.elpolitologoyelpolitico.com.ar\/wordpress\/wp-json\/wp\/v2\/posts\/30906","targetHints":{"allow":["GET"]}}],"collection":[{"href":"https:\/\/www.elpolitologoyelpolitico.com.ar\/wordpress\/wp-json\/wp\/v2\/posts"}],"about":[{"href":"https:\/\/www.elpolitologoyelpolitico.com.ar\/wordpress\/wp-json\/wp\/v2\/types\/post"}],"author":[{"embeddable":true,"href":"https:\/\/www.elpolitologoyelpolitico.com.ar\/wordpress\/wp-json\/wp\/v2\/users\/4"}],"replies":[{"embeddable":true,"href":"https:\/\/www.elpolitologoyelpolitico.com.ar\/wordpress\/wp-json\/wp\/v2\/comments?post=30906"}],"version-history":[{"count":0,"href":"https:\/\/www.elpolitologoyelpolitico.com.ar\/wordpress\/wp-json\/wp\/v2\/posts\/30906\/revisions"}],"wp:featuredmedia":[{"embeddable":true,"href":"https:\/\/www.elpolitologoyelpolitico.com.ar\/wordpress\/wp-json\/wp\/v2\/media\/30907"}],"wp:attachment":[{"href":"https:\/\/www.elpolitologoyelpolitico.com.ar\/wordpress\/wp-json\/wp\/v2\/media?parent=30906"}],"wp:term":[{"taxonomy":"category","embeddable":true,"href":"https:\/\/www.elpolitologoyelpolitico.com.ar\/wordpress\/wp-json\/wp\/v2\/categories?post=30906"},{"taxonomy":"post_tag","embeddable":true,"href":"https:\/\/www.elpolitologoyelpolitico.com.ar\/wordpress\/wp-json\/wp\/v2\/tags?post=30906"}],"curies":[{"name":"wp","href":"https:\/\/api.w.org\/{rel}","templated":true}]}}