{"id":30895,"date":"2023-05-17T23:57:47","date_gmt":"2023-05-17T23:57:47","guid":{"rendered":"https:\/\/www.elpolitologoyelpolitico.com.ar\/wordpress\/?p=30895"},"modified":"2023-05-17T23:58:29","modified_gmt":"2023-05-17T23:58:29","slug":"17-de-mayo-dia-internacional-del-reciclaje","status":"publish","type":"post","link":"https:\/\/www.elpolitologoyelpolitico.com.ar\/wordpress\/2023\/05\/17\/17-de-mayo-dia-internacional-del-reciclaje\/","title":{"rendered":"17 DE MAYO DIA INTERNACIONAL DEL RECICLAJE"},"content":{"rendered":"\n<p>Hoy no es un d\u00eda m\u00e1s para todos y todas, sino que debe ser uno de esos momentos de la vida donde debemos ponernos a pensar en la importancia que tiene la enorme tarea que tienen estas dos palabras \u00bb reciclar o el reciclaje\u00bb, que no es ni m\u00e1s ni menos que un acto de suma importancia para la sociedad en su conjunto, ya que el mismo supone la reutilizaci\u00f3n de elementos y objetos de distinto tipo que de otro modo ser\u00edan desechados, contribuyendo a formar m\u00e1s cantidad de basura y, en \u00faltima instancia, da\u00f1ando de manera continua al planeta.<\/p>\n\n\n\n<p>Cuando hablamos de reciclar o de reciclaje hacemos referencia entonces a un acto mediante el cual un objeto que ya ha sido usado es llevado por un proceso de renovaci\u00f3n en lugar de ser desechado.<\/p>\n\n\n\n<p>Hace d\u00e9cadas los y las trabajadoras que llevaba adelante esta enorme terea eran casi invisibles a pesar de ejercer un rol sin el cual la vida ser\u00eda insostenible en medio de una sociedad de consumo desmedido.<\/p>\n\n\n\n<p>Hoy todav\u00eda tenemos el deber de trabajar unidos en todo el pa\u00eds para dejar de ser \u201cinvisibles\u201d, aunque no es sencillo, pero esta en lo que podamos transmitir y acompa\u00f1ar la herramienta fundamental para agregarle el valor necesario a la importancia de su enorme labor, no solo en lo medio ambiental, sino que principalmente en lo humano, porque detr\u00e1s de cada uno hay una familia que intenta todos los d\u00edas salir adelante.<\/p>\n\n\n\n<p>El reciclador lleva consigo muchas veces, el peso del estigma de recorrer las calles, escarbar entre las bolsas de basura y sortear las noches \u2013el mejor momento para recuperar el material sin perturbar a nadie\u2013, o como hoy acompa\u00f1ado de una cinta, que le da una mejora a la forma de separar, para poder luego reciclar.<\/p>\n\n\n\n<p>Esta incorporaci\u00f3n de maquinarias que mejoran las condiciones de trabajo son de las victorias conseguidas, desde sus luchas, mediante la organizaci\u00f3n, como cooperativa o Movimiento, que d\u00eda a d\u00eda va por un movimiento abriendo camino a lograr una transformaci\u00f3n en el modelo de gesti\u00f3n de residuos, que a\u00fan sigue privilegiando a los grandes capitales privados, al momento de competir por la prestaci\u00f3n del servicio de aprovechamiento.<\/p>\n\n\n\n<p>En este d\u00eda tan especial queremos saludar y abrazar a cada uno de los recicladores por el enorme laburo que realizan. Y tambi\u00e9n, a cada uno de los vecinos de nuestra comunidad que se toma con consciencia y responsabilidad el reciclado.<\/p>\n\n\n\n<p>Federaci\u00f3n Argentina de Cartoneros, Carreros y Recicladores<\/p>\n\n\n\n<ul class=\"wp-block-list\"><li>UTEP<br>MTE &#8211; Rio Negro<br>MTE &#8211; UTEP Viedma y San Javier<\/li><\/ul>\n\n\n\n<figure class=\"wp-block-image size-full\"><img fetchpriority=\"high\" decoding=\"async\" width=\"720\" height=\"480\" src=\"https:\/\/www.elpolitologoyelpolitico.com.ar\/wp-content\/uploads\/2023\/05\/IMG-20230517-WA0025.jpg\" alt=\"\" class=\"wp-image-30898\" srcset=\"https:\/\/www.elpolitologoyelpolitico.com.ar\/wp-content\/uploads\/2023\/05\/IMG-20230517-WA0025.jpg 720w, https:\/\/www.elpolitologoyelpolitico.com.ar\/wp-content\/uploads\/2023\/05\/IMG-20230517-WA0025-300x200.jpg 300w\" sizes=\"(max-width: 720px) 100vw, 720px\" \/><\/figure>\n<div class=\"fb-background-color\">\n\t\t\t  <div \n\t\t\t  \tclass = \"fb-comments\" \n\t\t\t  \tdata-href = \"https:\/\/www.elpolitologoyelpolitico.com.ar\/wordpress\/2023\/05\/17\/17-de-mayo-dia-internacional-del-reciclaje\/\"\n\t\t\t  \tdata-numposts = \"10\"\n\t\t\t  \tdata-lazy = \"true\"\n\t\t\t\tdata-colorscheme = \"light\"\n\t\t\t\tdata-order-by = \"social\"\n\t\t\t\tdata-mobile=true>\n\t\t\t  <\/div><\/div>\n\t\t  <style>\n\t\t    .fb-background-color {\n\t\t\t\tbackground: #ffffff !important;\n\t\t\t}\n\t\t\t.fb_iframe_widget_fluid_desktop iframe {\n\t\t\t    width: 100% !important;\n\t\t\t}\n\t\t  <\/style>\n\t\t  ","protected":false},"excerpt":{"rendered":"<p>Hoy no es un d\u00eda m\u00e1s para todos y todas, sino que debe ser uno de esos momentos de la vida donde debemos ponernos a pensar en la importancia que tiene la enorme tarea que tienen estas dos palabras \u00bb reciclar o el reciclaje\u00bb, que no es ni m\u00e1s ni menos que un acto de [&hellip;]<\/p>\n","protected":false},"author":4,"featured_media":30896,"comment_status":"closed","ping_status":"closed","sticky":false,"template":"","format":"standard","meta":{"_joinchat":[],"footnotes":""},"categories":[39],"tags":[],"class_list":["post-30895","post","type-post","status-publish","format-standard","has-post-thumbnail","hentry","category-en-esta-seccion"],"_links":{"self":[{"href":"https:\/\/www.elpolitologoyelpolitico.com.ar\/wordpress\/wp-json\/wp\/v2\/posts\/30895","targetHints":{"allow":["GET"]}}],"collection":[{"href":"https:\/\/www.elpolitologoyelpolitico.com.ar\/wordpress\/wp-json\/wp\/v2\/posts"}],"about":[{"href":"https:\/\/www.elpolitologoyelpolitico.com.ar\/wordpress\/wp-json\/wp\/v2\/types\/post"}],"author":[{"embeddable":true,"href":"https:\/\/www.elpolitologoyelpolitico.com.ar\/wordpress\/wp-json\/wp\/v2\/users\/4"}],"replies":[{"embeddable":true,"href":"https:\/\/www.elpolitologoyelpolitico.com.ar\/wordpress\/wp-json\/wp\/v2\/comments?post=30895"}],"version-history":[{"count":0,"href":"https:\/\/www.elpolitologoyelpolitico.com.ar\/wordpress\/wp-json\/wp\/v2\/posts\/30895\/revisions"}],"wp:featuredmedia":[{"embeddable":true,"href":"https:\/\/www.elpolitologoyelpolitico.com.ar\/wordpress\/wp-json\/wp\/v2\/media\/30896"}],"wp:attachment":[{"href":"https:\/\/www.elpolitologoyelpolitico.com.ar\/wordpress\/wp-json\/wp\/v2\/media?parent=30895"}],"wp:term":[{"taxonomy":"category","embeddable":true,"href":"https:\/\/www.elpolitologoyelpolitico.com.ar\/wordpress\/wp-json\/wp\/v2\/categories?post=30895"},{"taxonomy":"post_tag","embeddable":true,"href":"https:\/\/www.elpolitologoyelpolitico.com.ar\/wordpress\/wp-json\/wp\/v2\/tags?post=30895"}],"curies":[{"name":"wp","href":"https:\/\/api.w.org\/{rel}","templated":true}]}}