{"id":30889,"date":"2023-05-17T23:34:46","date_gmt":"2023-05-17T23:34:46","guid":{"rendered":"https:\/\/www.elpolitologoyelpolitico.com.ar\/wordpress\/?p=30889"},"modified":"2023-05-17T23:34:47","modified_gmt":"2023-05-17T23:34:47","slug":"carreras-recibio-a-las-autoridades-regionales-de-vialidad-nacional","status":"publish","type":"post","link":"https:\/\/www.elpolitologoyelpolitico.com.ar\/wordpress\/2023\/05\/17\/carreras-recibio-a-las-autoridades-regionales-de-vialidad-nacional\/","title":{"rendered":"Carreras recibi\u00f3 a las autoridades regionales de Vialidad Nacional"},"content":{"rendered":"\n<p>La Gobernadora Arabela Carreras recibi\u00f3 hoy en su despacho de Casa de Gobierno al Gerente de Regiones de Vialidad Nacional, Patricio Garc\u00eda, y al nuevo titular del Distrito R\u00edo Negro, Mart\u00edn Izaguirre. Trabajaron sobre la situaci\u00f3n de diferentes puntos viales y repasaron las obras proyectadas de manera conjunta.<\/p>\n\n\n\n<p>Garc\u00eda explic\u00f3 que Izaguirre \u201ces el actual jefe de distrito de La Pampa, pero es quien est\u00e1 subrogando en R\u00edo Negro, hasta que terminemos de designar al representante de Vialidad Nacional a cargo de la provincia\u201d. Del encuentro, tambi\u00e9n participaron el coordinador de la Regi\u00f3n Sur de Vialidad Nacional, Ricardo Curetti; el titular de Vialidad Rionegrina, Ra\u00fal Grun y el ministro de la Jefatura de Gabinete, Pablo Zucaro.<\/p>\n\n\n\n<p>Durante la reuni\u00f3n, repasaron el estado de diferentes puntos viales, la situaci\u00f3n de las rutas en general y el avance de las obras de pavimento en las Rutas Nacionales 22 y 23, adem\u00e1s de trabajos puntuales en Bariloche, Cipolletti y Viedma.<\/p>\n\n\n\n<p>Finalmente, Garc\u00eda destac\u00f3 el trabajo en conjunto con R\u00edo Negro: \u201cEstamos trabajando en todas las provincias, pero especialmente en R\u00edo Negro lo hemos hecho desde el inicio de nuestra gesti\u00f3n, siempre en contacto con la Gobernadora Carreras y los intendentes, proyectado tambi\u00e9n hacia el futuro\u201d.<\/p>\n<div class=\"fb-background-color\">\n\t\t\t  <div \n\t\t\t  \tclass = \"fb-comments\" \n\t\t\t  \tdata-href = \"https:\/\/www.elpolitologoyelpolitico.com.ar\/wordpress\/2023\/05\/17\/carreras-recibio-a-las-autoridades-regionales-de-vialidad-nacional\/\"\n\t\t\t  \tdata-numposts = \"10\"\n\t\t\t  \tdata-lazy = \"true\"\n\t\t\t\tdata-colorscheme = \"light\"\n\t\t\t\tdata-order-by = \"social\"\n\t\t\t\tdata-mobile=true>\n\t\t\t  <\/div><\/div>\n\t\t  <style>\n\t\t    .fb-background-color {\n\t\t\t\tbackground: #ffffff !important;\n\t\t\t}\n\t\t\t.fb_iframe_widget_fluid_desktop iframe {\n\t\t\t    width: 100% !important;\n\t\t\t}\n\t\t  <\/style>\n\t\t  ","protected":false},"excerpt":{"rendered":"<p>La Gobernadora Arabela Carreras recibi\u00f3 hoy en su despacho de Casa de Gobierno al Gerente de Regiones de Vialidad Nacional, Patricio Garc\u00eda, y al nuevo titular del Distrito R\u00edo Negro, Mart\u00edn Izaguirre. Trabajaron sobre la situaci\u00f3n de diferentes puntos viales y repasaron las obras proyectadas de manera conjunta. Garc\u00eda explic\u00f3 que Izaguirre \u201ces el actual [&hellip;]<\/p>\n","protected":false},"author":4,"featured_media":30890,"comment_status":"closed","ping_status":"closed","sticky":false,"template":"","format":"standard","meta":{"_joinchat":[],"footnotes":""},"categories":[4],"tags":[],"class_list":["post-30889","post","type-post","status-publish","format-standard","has-post-thumbnail","hentry","category-politicas-publicas"],"_links":{"self":[{"href":"https:\/\/www.elpolitologoyelpolitico.com.ar\/wordpress\/wp-json\/wp\/v2\/posts\/30889","targetHints":{"allow":["GET"]}}],"collection":[{"href":"https:\/\/www.elpolitologoyelpolitico.com.ar\/wordpress\/wp-json\/wp\/v2\/posts"}],"about":[{"href":"https:\/\/www.elpolitologoyelpolitico.com.ar\/wordpress\/wp-json\/wp\/v2\/types\/post"}],"author":[{"embeddable":true,"href":"https:\/\/www.elpolitologoyelpolitico.com.ar\/wordpress\/wp-json\/wp\/v2\/users\/4"}],"replies":[{"embeddable":true,"href":"https:\/\/www.elpolitologoyelpolitico.com.ar\/wordpress\/wp-json\/wp\/v2\/comments?post=30889"}],"version-history":[{"count":0,"href":"https:\/\/www.elpolitologoyelpolitico.com.ar\/wordpress\/wp-json\/wp\/v2\/posts\/30889\/revisions"}],"wp:featuredmedia":[{"embeddable":true,"href":"https:\/\/www.elpolitologoyelpolitico.com.ar\/wordpress\/wp-json\/wp\/v2\/media\/30890"}],"wp:attachment":[{"href":"https:\/\/www.elpolitologoyelpolitico.com.ar\/wordpress\/wp-json\/wp\/v2\/media?parent=30889"}],"wp:term":[{"taxonomy":"category","embeddable":true,"href":"https:\/\/www.elpolitologoyelpolitico.com.ar\/wordpress\/wp-json\/wp\/v2\/categories?post=30889"},{"taxonomy":"post_tag","embeddable":true,"href":"https:\/\/www.elpolitologoyelpolitico.com.ar\/wordpress\/wp-json\/wp\/v2\/tags?post=30889"}],"curies":[{"name":"wp","href":"https:\/\/api.w.org\/{rel}","templated":true}]}}