{"id":30880,"date":"2023-05-17T18:21:13","date_gmt":"2023-05-17T18:21:13","guid":{"rendered":"https:\/\/www.elpolitologoyelpolitico.com.ar\/wordpress\/?p=30880"},"modified":"2023-05-17T18:21:15","modified_gmt":"2023-05-17T18:21:15","slug":"turismo-accesible-de-la-red-mas-de-400-personas-mayores-visitaron-merlo-san-luis","status":"publish","type":"post","link":"https:\/\/www.elpolitologoyelpolitico.com.ar\/wordpress\/2023\/05\/17\/turismo-accesible-de-la-red-mas-de-400-personas-mayores-visitaron-merlo-san-luis\/","title":{"rendered":"TURISMO ACCESIBLE DE LA RED: M\u00c1S DE 400 PERSONAS MAYORES VISITARON MERLO \/ SAN LUIS"},"content":{"rendered":"\n<p>La RED Rionegrina de la Tercera Juventud realiz\u00f3 unas nuevas jornadas de turismo accesible para personas mayores de R\u00edo Negro y esta vez el destino fue la Villa de Merlo en la provincia de San Luis.<\/p>\n\n\n\n<p>Mas de 400 personas, divididas en 2 grupos por fecha, disfrutaron de unos d\u00edas maravillosos, donde el paisaje y el clima se conjugaron para asegurarles una estad\u00eda plagada de sonrisas y lindos momentos.<\/p>\n\n\n\n<p>Este tipo de jornadas de turismo accesible se suman a las diferentes actividades que lleva adelante la RED en su b\u00fasqueda permanente de generar oportunidades de recreaci\u00f3n e integraci\u00f3n social para personas mayores auto v\u00e1lidas que habiten el suelo rionegrino.<\/p>\n\n\n\n<p>La RED, un movimiento social voluntario y comunitario, \u00fanico en el pa\u00eds, sigue trabajando en la consolidaci\u00f3n de su agenda 2023, intentando generar eventos y actividades que mejoren la calidad de vida de las personas mayores de R\u00edo Negro.<\/p>\n\n\n\n<figure class=\"wp-block-gallery has-nested-images columns-default is-cropped wp-block-gallery-1 is-layout-flex wp-block-gallery-is-layout-flex\">\n<figure class=\"wp-block-image size-large\"><img fetchpriority=\"high\" decoding=\"async\" width=\"720\" height=\"405\" data-id=\"30882\" src=\"https:\/\/www.elpolitologoyelpolitico.com.ar\/wp-content\/uploads\/2023\/05\/IMG-20230517-WA0008.jpg\" alt=\"\" class=\"wp-image-30882\" srcset=\"https:\/\/www.elpolitologoyelpolitico.com.ar\/wp-content\/uploads\/2023\/05\/IMG-20230517-WA0008.jpg 720w, https:\/\/www.elpolitologoyelpolitico.com.ar\/wp-content\/uploads\/2023\/05\/IMG-20230517-WA0008-300x169.jpg 300w\" sizes=\"(max-width: 720px) 100vw, 720px\" \/><\/figure>\n\n\n\n<figure class=\"wp-block-image size-large\"><img decoding=\"async\" width=\"720\" height=\"540\" data-id=\"30883\" src=\"https:\/\/www.elpolitologoyelpolitico.com.ar\/wp-content\/uploads\/2023\/05\/IMG-20230517-WA0007.jpg\" alt=\"\" class=\"wp-image-30883\" srcset=\"https:\/\/www.elpolitologoyelpolitico.com.ar\/wp-content\/uploads\/2023\/05\/IMG-20230517-WA0007.jpg 720w, https:\/\/www.elpolitologoyelpolitico.com.ar\/wp-content\/uploads\/2023\/05\/IMG-20230517-WA0007-300x225.jpg 300w\" sizes=\"(max-width: 720px) 100vw, 720px\" \/><\/figure>\n<\/figure>\n<div class=\"fb-background-color\">\n\t\t\t  <div \n\t\t\t  \tclass = \"fb-comments\" \n\t\t\t  \tdata-href = \"https:\/\/www.elpolitologoyelpolitico.com.ar\/wordpress\/2023\/05\/17\/turismo-accesible-de-la-red-mas-de-400-personas-mayores-visitaron-merlo-san-luis\/\"\n\t\t\t  \tdata-numposts = \"10\"\n\t\t\t  \tdata-lazy = \"true\"\n\t\t\t\tdata-colorscheme = \"light\"\n\t\t\t\tdata-order-by = \"social\"\n\t\t\t\tdata-mobile=true>\n\t\t\t  <\/div><\/div>\n\t\t  <style>\n\t\t    .fb-background-color {\n\t\t\t\tbackground: #ffffff !important;\n\t\t\t}\n\t\t\t.fb_iframe_widget_fluid_desktop iframe {\n\t\t\t    width: 100% !important;\n\t\t\t}\n\t\t  <\/style>\n\t\t  ","protected":false},"excerpt":{"rendered":"<p>La RED Rionegrina de la Tercera Juventud realiz\u00f3 unas nuevas jornadas de turismo accesible para personas mayores de R\u00edo Negro y esta vez el destino fue la Villa de Merlo en la provincia de San Luis. Mas de 400 personas, divididas en 2 grupos por fecha, disfrutaron de unos d\u00edas maravillosos, donde el paisaje y [&hellip;]<\/p>\n","protected":false},"author":4,"featured_media":30881,"comment_status":"closed","ping_status":"closed","sticky":false,"template":"","format":"standard","meta":{"_joinchat":[],"footnotes":""},"categories":[39],"tags":[],"class_list":["post-30880","post","type-post","status-publish","format-standard","has-post-thumbnail","hentry","category-en-esta-seccion"],"_links":{"self":[{"href":"https:\/\/www.elpolitologoyelpolitico.com.ar\/wordpress\/wp-json\/wp\/v2\/posts\/30880","targetHints":{"allow":["GET"]}}],"collection":[{"href":"https:\/\/www.elpolitologoyelpolitico.com.ar\/wordpress\/wp-json\/wp\/v2\/posts"}],"about":[{"href":"https:\/\/www.elpolitologoyelpolitico.com.ar\/wordpress\/wp-json\/wp\/v2\/types\/post"}],"author":[{"embeddable":true,"href":"https:\/\/www.elpolitologoyelpolitico.com.ar\/wordpress\/wp-json\/wp\/v2\/users\/4"}],"replies":[{"embeddable":true,"href":"https:\/\/www.elpolitologoyelpolitico.com.ar\/wordpress\/wp-json\/wp\/v2\/comments?post=30880"}],"version-history":[{"count":0,"href":"https:\/\/www.elpolitologoyelpolitico.com.ar\/wordpress\/wp-json\/wp\/v2\/posts\/30880\/revisions"}],"wp:featuredmedia":[{"embeddable":true,"href":"https:\/\/www.elpolitologoyelpolitico.com.ar\/wordpress\/wp-json\/wp\/v2\/media\/30881"}],"wp:attachment":[{"href":"https:\/\/www.elpolitologoyelpolitico.com.ar\/wordpress\/wp-json\/wp\/v2\/media?parent=30880"}],"wp:term":[{"taxonomy":"category","embeddable":true,"href":"https:\/\/www.elpolitologoyelpolitico.com.ar\/wordpress\/wp-json\/wp\/v2\/categories?post=30880"},{"taxonomy":"post_tag","embeddable":true,"href":"https:\/\/www.elpolitologoyelpolitico.com.ar\/wordpress\/wp-json\/wp\/v2\/tags?post=30880"}],"curies":[{"name":"wp","href":"https:\/\/api.w.org\/{rel}","templated":true}]}}