{"id":30875,"date":"2023-05-17T17:44:23","date_gmt":"2023-05-17T17:44:23","guid":{"rendered":"https:\/\/www.elpolitologoyelpolitico.com.ar\/wordpress\/?p=30875"},"modified":"2023-05-17T17:44:25","modified_gmt":"2023-05-17T17:44:25","slug":"avanza-la-obra-artistica-recreada-por-marchesi-en-el-nuevo-paseo-jardines-de-la-humanidad","status":"publish","type":"post","link":"https:\/\/www.elpolitologoyelpolitico.com.ar\/wordpress\/2023\/05\/17\/avanza-la-obra-artistica-recreada-por-marchesi-en-el-nuevo-paseo-jardines-de-la-humanidad\/","title":{"rendered":"Avanza la obra art\u00edstica recreada por Marchesi en el nuevo paseo \u201cJardines de la Humanidad\u201d&nbsp;"},"content":{"rendered":"\n<p>El gobierno de Viedma junto al reconocido artista Juan Marchesi lleva adelante una obra basada en El Guernica de Pablo Picasso, respetando sus medidas originales (7.76\u00d73.49 mts) en el nuevo paseo \u201cJard\u00ednes de la Humanidad\u00bb, ubicado en el Parque Ferreira.<\/p>\n\n\n\n<p>La intervenci\u00f3n no se trata de una r\u00e9plica, ya que Marchesi introduce elementos propios de su creaci\u00f3n como su personaje t\u00edpico del \u201cMir\u00f3n\u201d. La obra est\u00e1 basada en la pieza art\u00edstica que se encuentra actualmente en el Museo Reina Sof\u00eda, de Madrid.<\/p>\n\n\n\n<p>Se trata de una obra art\u00edstica coordinada por el gobierno de Viedma y desarrollada por Marchesi y su equipo de trabajo. A su vez cuenta con el acompa\u00f1amiento del Centro Vasco Aberri Etxea y la colectividad Jud\u00eda de nuestra Comarca.<\/p>\n\n\n\n<p>Esta obra de arte reconvierte el significado de la idea inicial que tuvo Pablo Picasso representando el bombardeo a la localidad vasca de Guernica.<\/p>\n\n\n\n<p>Adem\u00e1s, con el&nbsp; objetivo de realizar un&nbsp; trabajo educativo con la comunidad, junto al Centro Vasco se organizaran charlas, seminarios y talleres, para un mayor acercamiento art\u00edstico e hist\u00f3rico a una de las obras m\u00e1s emblem\u00e1ticas de Picasso.<\/p>\n\n\n\n<p>La iniciativa apunta adem\u00e1s a incluir la realizaci\u00f3n de espect\u00e1culos al aire libre en su anfiteatro con el objetivo de ampliar el patrimonio cultural de la ciudad, fortalecer e impulsar los valores de la paz a nuevas generaciones, articular el arte y el patrimonio natural de la ciudad, adem\u00e1s de promover el turismo y nuestros artistas.<\/p>\n\n\n\n<p>Al respecto el intendente Pesatti indic\u00f3 que \u201cqueremos que sea un espacio de reflexi\u00f3n para la comunidad, no solo pensando en lo que el Guernica significa para la historia mundial, sino para traerlo a nuestros tiempos, al momento que estamos viviendo como sociedad\u201d.<\/p>\n\n\n\n<p>\u00abLa Asociaci\u00f3n Vasca y la comunidad Jud\u00eda se han ofrecido para ayudarnos a conservar este espacio de memoria colectiva, adem\u00e1s de acompa\u00f1ar en la construcci\u00f3n del contenido que alimentar\u00e1 esta obra\u201d expres\u00f3 Pesatti.<\/p>\n\n\n\n<p>Jardines de la Humanidad busca sensibilizar y poner en la memoria algunos de los hechos que marcaron los sucesos m\u00e1s importantes de la historia mundial.<br>Juan Marchesi junto a los artistas viedmenses Patricio Graham, Hadita Mercado, Liz Feliciano y Valeria Bernatene, le ponen color a este dispositivo ubicado en la zona de carros gastron\u00f3micos.<\/p>\n\n\n\n<p>Este proyecto consiste en intervenir ambas paredes de un muro: de un lado matices de la obra original de Picasso, con algunos elementos propios de la obra de Marchesi, adem\u00e1s de la incorporaci\u00f3n de colores que se entremezclan entre las im\u00e1genes, las figuras y las diferentes texturas que van incorporando a partir de otros elementos como la cer\u00e1mica.<\/p>\n\n\n\n<p>Por otro lado, la segunda parte del proyecto se va a desarrollar una idea pura y exclusiva de Marchesi con sus creaciones caracter\u00edsticas como las escaleras, nuestro entorno de espacio natural y c\u00f3smico y otras simbolog\u00edas que se relacionan con la cultura propia de nuestra actualidad.<\/p>\n\n\n\n<p>El objetivo es que este sea un monumento que las y los habitantes de Viedma y quienes nos visiten, se lo apropien, ya que es de libre acceso y que de a poco, sea parte de un circuito art\u00edstico\/ social y cultural de nuestra comunidad.<\/p>\n\n\n\n<figure class=\"wp-block-gallery has-nested-images columns-default is-cropped wp-block-gallery-1 is-layout-flex wp-block-gallery-is-layout-flex\">\n<figure class=\"wp-block-image size-large\"><img fetchpriority=\"high\" decoding=\"async\" width=\"720\" height=\"480\" data-id=\"30877\" src=\"https:\/\/www.elpolitologoyelpolitico.com.ar\/wp-content\/uploads\/2023\/05\/IMG-20230517-WA0003.jpg\" alt=\"\" class=\"wp-image-30877\" srcset=\"https:\/\/www.elpolitologoyelpolitico.com.ar\/wp-content\/uploads\/2023\/05\/IMG-20230517-WA0003.jpg 720w, https:\/\/www.elpolitologoyelpolitico.com.ar\/wp-content\/uploads\/2023\/05\/IMG-20230517-WA0003-300x200.jpg 300w\" sizes=\"(max-width: 720px) 100vw, 720px\" \/><\/figure>\n\n\n\n<figure class=\"wp-block-image size-large\"><img decoding=\"async\" width=\"720\" height=\"480\" data-id=\"30878\" src=\"https:\/\/www.elpolitologoyelpolitico.com.ar\/wp-content\/uploads\/2023\/05\/IMG-20230517-WA0002.jpg\" alt=\"\" class=\"wp-image-30878\" srcset=\"https:\/\/www.elpolitologoyelpolitico.com.ar\/wp-content\/uploads\/2023\/05\/IMG-20230517-WA0002.jpg 720w, https:\/\/www.elpolitologoyelpolitico.com.ar\/wp-content\/uploads\/2023\/05\/IMG-20230517-WA0002-300x200.jpg 300w\" sizes=\"(max-width: 720px) 100vw, 720px\" \/><\/figure>\n<\/figure>\n<div class=\"fb-background-color\">\n\t\t\t  <div \n\t\t\t  \tclass = \"fb-comments\" \n\t\t\t  \tdata-href = \"https:\/\/www.elpolitologoyelpolitico.com.ar\/wordpress\/2023\/05\/17\/avanza-la-obra-artistica-recreada-por-marchesi-en-el-nuevo-paseo-jardines-de-la-humanidad\/\"\n\t\t\t  \tdata-numposts = \"10\"\n\t\t\t  \tdata-lazy = \"true\"\n\t\t\t\tdata-colorscheme = \"light\"\n\t\t\t\tdata-order-by = \"social\"\n\t\t\t\tdata-mobile=true>\n\t\t\t  <\/div><\/div>\n\t\t  <style>\n\t\t    .fb-background-color {\n\t\t\t\tbackground: #ffffff !important;\n\t\t\t}\n\t\t\t.fb_iframe_widget_fluid_desktop iframe {\n\t\t\t    width: 100% !important;\n\t\t\t}\n\t\t  <\/style>\n\t\t  ","protected":false},"excerpt":{"rendered":"<p>El gobierno de Viedma junto al reconocido artista Juan Marchesi lleva adelante una obra basada en El Guernica de Pablo Picasso, respetando sus medidas originales (7.76\u00d73.49 mts) en el nuevo paseo \u201cJard\u00ednes de la Humanidad\u00bb, ubicado en el Parque Ferreira. La intervenci\u00f3n no se trata de una r\u00e9plica, ya que Marchesi introduce elementos propios de [&hellip;]<\/p>\n","protected":false},"author":4,"featured_media":30876,"comment_status":"closed","ping_status":"closed","sticky":false,"template":"","format":"standard","meta":{"_joinchat":[],"footnotes":""},"categories":[39],"tags":[],"class_list":["post-30875","post","type-post","status-publish","format-standard","has-post-thumbnail","hentry","category-en-esta-seccion"],"_links":{"self":[{"href":"https:\/\/www.elpolitologoyelpolitico.com.ar\/wordpress\/wp-json\/wp\/v2\/posts\/30875","targetHints":{"allow":["GET"]}}],"collection":[{"href":"https:\/\/www.elpolitologoyelpolitico.com.ar\/wordpress\/wp-json\/wp\/v2\/posts"}],"about":[{"href":"https:\/\/www.elpolitologoyelpolitico.com.ar\/wordpress\/wp-json\/wp\/v2\/types\/post"}],"author":[{"embeddable":true,"href":"https:\/\/www.elpolitologoyelpolitico.com.ar\/wordpress\/wp-json\/wp\/v2\/users\/4"}],"replies":[{"embeddable":true,"href":"https:\/\/www.elpolitologoyelpolitico.com.ar\/wordpress\/wp-json\/wp\/v2\/comments?post=30875"}],"version-history":[{"count":0,"href":"https:\/\/www.elpolitologoyelpolitico.com.ar\/wordpress\/wp-json\/wp\/v2\/posts\/30875\/revisions"}],"wp:featuredmedia":[{"embeddable":true,"href":"https:\/\/www.elpolitologoyelpolitico.com.ar\/wordpress\/wp-json\/wp\/v2\/media\/30876"}],"wp:attachment":[{"href":"https:\/\/www.elpolitologoyelpolitico.com.ar\/wordpress\/wp-json\/wp\/v2\/media?parent=30875"}],"wp:term":[{"taxonomy":"category","embeddable":true,"href":"https:\/\/www.elpolitologoyelpolitico.com.ar\/wordpress\/wp-json\/wp\/v2\/categories?post=30875"},{"taxonomy":"post_tag","embeddable":true,"href":"https:\/\/www.elpolitologoyelpolitico.com.ar\/wordpress\/wp-json\/wp\/v2\/tags?post=30875"}],"curies":[{"name":"wp","href":"https:\/\/api.w.org\/{rel}","templated":true}]}}