{"id":30872,"date":"2023-05-17T02:40:30","date_gmt":"2023-05-17T02:40:30","guid":{"rendered":"https:\/\/www.elpolitologoyelpolitico.com.ar\/wordpress\/?p=30872"},"modified":"2023-05-17T02:40:32","modified_gmt":"2023-05-17T02:40:32","slug":"patagones-una-encuesta-aventaja-a-raul-alvarez-sobre-zara-y-costantino","status":"publish","type":"post","link":"https:\/\/www.elpolitologoyelpolitico.com.ar\/wordpress\/2023\/05\/17\/patagones-una-encuesta-aventaja-a-raul-alvarez-sobre-zara-y-costantino\/","title":{"rendered":"PATAGONES: Una encuesta aventaja a R\u00e1ul \u00c1lvarez sobre Zara y Costantino"},"content":{"rendered":"\n<p>En estas \u00faltimas horas se conoci\u00f3 una encuesta que no quieren dar a conocer desde ning\u00fan sector, que R\u00e1ul Alvarez aventaja por m\u00e1s de 10 puntos al actual intendente de Patagones Jose Zara y sobre el Presidente del Concejo Deliberante de Patagones, Julio costantino.<\/p>\n\n\n\n<p>Mas lejos se encuentran el Ex intendente de Patagones Ricardo Curetti, Ricardo Marino, Fabio Betinelli, Ricardo Telleria y Fabricio Olego.<\/p>\n\n\n\n<p>Este panorama es importante para analizar el clima electoral que se vive en el Partido de Patagones.<\/p>\n\n\n\n<p>El Periodista local R\u00e1ul Alvarez dio a conocer hace algunas semanas su intenci\u00f3n de ir como precandidato a intendente en Patagones y su imagen viene creciendo cada vez mas.<\/p>\n<div class=\"fb-background-color\">\n\t\t\t  <div \n\t\t\t  \tclass = \"fb-comments\" \n\t\t\t  \tdata-href = \"https:\/\/www.elpolitologoyelpolitico.com.ar\/wordpress\/2023\/05\/17\/patagones-una-encuesta-aventaja-a-raul-alvarez-sobre-zara-y-costantino\/\"\n\t\t\t  \tdata-numposts = \"10\"\n\t\t\t  \tdata-lazy = \"true\"\n\t\t\t\tdata-colorscheme = \"light\"\n\t\t\t\tdata-order-by = \"social\"\n\t\t\t\tdata-mobile=true>\n\t\t\t  <\/div><\/div>\n\t\t  <style>\n\t\t    .fb-background-color {\n\t\t\t\tbackground: #ffffff !important;\n\t\t\t}\n\t\t\t.fb_iframe_widget_fluid_desktop iframe {\n\t\t\t    width: 100% !important;\n\t\t\t}\n\t\t  <\/style>\n\t\t  ","protected":false},"excerpt":{"rendered":"<p>En estas \u00faltimas horas se conoci\u00f3 una encuesta que no quieren dar a conocer desde ning\u00fan sector, que R\u00e1ul Alvarez aventaja por m\u00e1s de 10 puntos al actual intendente de Patagones Jose Zara y sobre el Presidente del Concejo Deliberante de Patagones, Julio costantino. Mas lejos se encuentran el Ex intendente de Patagones Ricardo Curetti, [&hellip;]<\/p>\n","protected":false},"author":4,"featured_media":30873,"comment_status":"closed","ping_status":"closed","sticky":false,"template":"","format":"standard","meta":{"_joinchat":[],"footnotes":""},"categories":[38],"tags":[],"class_list":["post-30872","post","type-post","status-publish","format-standard","has-post-thumbnail","hentry","category-elecciones"],"_links":{"self":[{"href":"https:\/\/www.elpolitologoyelpolitico.com.ar\/wordpress\/wp-json\/wp\/v2\/posts\/30872","targetHints":{"allow":["GET"]}}],"collection":[{"href":"https:\/\/www.elpolitologoyelpolitico.com.ar\/wordpress\/wp-json\/wp\/v2\/posts"}],"about":[{"href":"https:\/\/www.elpolitologoyelpolitico.com.ar\/wordpress\/wp-json\/wp\/v2\/types\/post"}],"author":[{"embeddable":true,"href":"https:\/\/www.elpolitologoyelpolitico.com.ar\/wordpress\/wp-json\/wp\/v2\/users\/4"}],"replies":[{"embeddable":true,"href":"https:\/\/www.elpolitologoyelpolitico.com.ar\/wordpress\/wp-json\/wp\/v2\/comments?post=30872"}],"version-history":[{"count":0,"href":"https:\/\/www.elpolitologoyelpolitico.com.ar\/wordpress\/wp-json\/wp\/v2\/posts\/30872\/revisions"}],"wp:featuredmedia":[{"embeddable":true,"href":"https:\/\/www.elpolitologoyelpolitico.com.ar\/wordpress\/wp-json\/wp\/v2\/media\/30873"}],"wp:attachment":[{"href":"https:\/\/www.elpolitologoyelpolitico.com.ar\/wordpress\/wp-json\/wp\/v2\/media?parent=30872"}],"wp:term":[{"taxonomy":"category","embeddable":true,"href":"https:\/\/www.elpolitologoyelpolitico.com.ar\/wordpress\/wp-json\/wp\/v2\/categories?post=30872"},{"taxonomy":"post_tag","embeddable":true,"href":"https:\/\/www.elpolitologoyelpolitico.com.ar\/wordpress\/wp-json\/wp\/v2\/tags?post=30872"}],"curies":[{"name":"wp","href":"https:\/\/api.w.org\/{rel}","templated":true}]}}