{"id":30869,"date":"2023-05-16T23:43:24","date_gmt":"2023-05-16T23:43:24","guid":{"rendered":"https:\/\/www.elpolitologoyelpolitico.com.ar\/wordpress\/?p=30869"},"modified":"2023-05-16T23:43:25","modified_gmt":"2023-05-16T23:43:25","slug":"el-fudb-firmo-el-acuerdo-paritario-sobre-resguardo-y-reparacion","status":"publish","type":"post","link":"https:\/\/www.elpolitologoyelpolitico.com.ar\/wordpress\/2023\/05\/16\/el-fudb-firmo-el-acuerdo-paritario-sobre-resguardo-y-reparacion\/","title":{"rendered":"EL FUDB FIRM\u00d3 EL ACUERDO PARITARIO SOBRE RESGUARDO Y REPARACI\u00d3N"},"content":{"rendered":"\n<p>El Frente de Unidad Docente Bonaerense (FUDB) fue convocado hoy, por el gobierno de la Provincia de Buenos Aires, a la Comisi\u00f3n Paritaria Docente. En el encuentro estuvieron presentes autoridades del Ministerio de Trabajo y DGCyE.<\/p>\n\n\n\n<p>En ese marco, las organizaciones que integramos el FUDB, habiendo\u00a0 reclamado la aplicaci\u00f3n urgente como acuerdo paritario lo referido a prevenci\u00f3n, erradicaci\u00f3n, resguardo y reparaci\u00f3n por hechos de violencia a las y los trabajadores docentes de la educaci\u00f3n p\u00fablica de\u00a0 gesti\u00f3n estatal y privada y luego de instancias de intercambio se logra el presente acuerdo donde se considera, entre otros aspectos:<\/p>\n\n\n\n<p>\u25cf Aplicaci\u00f3n del Convenio 190 de la OIT<\/p>\n\n\n\n<p>\u25cf Acciones de prevenci\u00f3n, resguardo y reparaci\u00f3n ante hechos de violencia y acoso que ocurran durante, en relaci\u00f3n con o como resultado del trabajo<\/p>\n\n\n\n<p>\u25cf Intervenci\u00f3n de funcionarios designados por la DGCYE ante denuncias y\/o actos de violencia en el seno de la escuela<\/p>\n\n\n\n<p>\u25cf Generaci\u00f3n de \u00e1mbitos interinstitucionales e intersectoriales a nivel provincial y distrital<\/p>\n\n\n\n<p>\u25cf Seguimiento, asesoramiento y contenci\u00f3n de las y los afectados.<\/p>\n\n\n\n<p>\u25cf Definici\u00f3n como marco de aplicaci\u00f3n la cobertura por ART<\/p>\n\n\n\n<p>\u25cf Identificaci\u00f3n desde los Comit\u00e9s Mixtos de los factores de riesgo para su abordaje y resoluci\u00f3n.<\/p>\n\n\n\n<p>\u25cf Creaci\u00f3n de un dispositivo espec\u00edfico para el abordaje de noticias en los medios de comunicaci\u00f3n.<\/p>\n\n\n\n<p>\u25cf Incorporaci\u00f3n del desagravio p\u00fablico en el \u00e1mbito escolar y la comunidad educativa<\/p>\n\n\n\n<p>\u25cf Articulaci\u00f3n con el Ministerio de Seguridad y la&nbsp; Fiscal\u00eda de Estado.<\/p>\n\n\n\n<p>El acuerdo paritario se presenta como una herramienta que garantiza condiciones laborales de las y los trabajadores de la educaci\u00f3n, el cuidado de ni\u00f1as, ni\u00f1os y adolescentes y el normal desarrollo de las actividades educativas.<\/p>\n\n\n\n<p>La escuela se reafirma como un \u00e1mbito de trabajo libre de violencias.<\/p>\n<div class=\"fb-background-color\">\n\t\t\t  <div \n\t\t\t  \tclass = \"fb-comments\" \n\t\t\t  \tdata-href = \"https:\/\/www.elpolitologoyelpolitico.com.ar\/wordpress\/2023\/05\/16\/el-fudb-firmo-el-acuerdo-paritario-sobre-resguardo-y-reparacion\/\"\n\t\t\t  \tdata-numposts = \"10\"\n\t\t\t  \tdata-lazy = \"true\"\n\t\t\t\tdata-colorscheme = \"light\"\n\t\t\t\tdata-order-by = \"social\"\n\t\t\t\tdata-mobile=true>\n\t\t\t  <\/div><\/div>\n\t\t  <style>\n\t\t    .fb-background-color {\n\t\t\t\tbackground: #ffffff !important;\n\t\t\t}\n\t\t\t.fb_iframe_widget_fluid_desktop iframe {\n\t\t\t    width: 100% !important;\n\t\t\t}\n\t\t  <\/style>\n\t\t  ","protected":false},"excerpt":{"rendered":"<p>El Frente de Unidad Docente Bonaerense (FUDB) fue convocado hoy, por el gobierno de la Provincia de Buenos Aires, a la Comisi\u00f3n Paritaria Docente. En el encuentro estuvieron presentes autoridades del Ministerio de Trabajo y DGCyE. En ese marco, las organizaciones que integramos el FUDB, habiendo\u00a0 reclamado la aplicaci\u00f3n urgente como acuerdo paritario lo referido [&hellip;]<\/p>\n","protected":false},"author":4,"featured_media":30870,"comment_status":"closed","ping_status":"closed","sticky":false,"template":"","format":"standard","meta":{"_joinchat":[],"footnotes":""},"categories":[39],"tags":[],"class_list":["post-30869","post","type-post","status-publish","format-standard","has-post-thumbnail","hentry","category-en-esta-seccion"],"_links":{"self":[{"href":"https:\/\/www.elpolitologoyelpolitico.com.ar\/wordpress\/wp-json\/wp\/v2\/posts\/30869","targetHints":{"allow":["GET"]}}],"collection":[{"href":"https:\/\/www.elpolitologoyelpolitico.com.ar\/wordpress\/wp-json\/wp\/v2\/posts"}],"about":[{"href":"https:\/\/www.elpolitologoyelpolitico.com.ar\/wordpress\/wp-json\/wp\/v2\/types\/post"}],"author":[{"embeddable":true,"href":"https:\/\/www.elpolitologoyelpolitico.com.ar\/wordpress\/wp-json\/wp\/v2\/users\/4"}],"replies":[{"embeddable":true,"href":"https:\/\/www.elpolitologoyelpolitico.com.ar\/wordpress\/wp-json\/wp\/v2\/comments?post=30869"}],"version-history":[{"count":0,"href":"https:\/\/www.elpolitologoyelpolitico.com.ar\/wordpress\/wp-json\/wp\/v2\/posts\/30869\/revisions"}],"wp:featuredmedia":[{"embeddable":true,"href":"https:\/\/www.elpolitologoyelpolitico.com.ar\/wordpress\/wp-json\/wp\/v2\/media\/30870"}],"wp:attachment":[{"href":"https:\/\/www.elpolitologoyelpolitico.com.ar\/wordpress\/wp-json\/wp\/v2\/media?parent=30869"}],"wp:term":[{"taxonomy":"category","embeddable":true,"href":"https:\/\/www.elpolitologoyelpolitico.com.ar\/wordpress\/wp-json\/wp\/v2\/categories?post=30869"},{"taxonomy":"post_tag","embeddable":true,"href":"https:\/\/www.elpolitologoyelpolitico.com.ar\/wordpress\/wp-json\/wp\/v2\/tags?post=30869"}],"curies":[{"name":"wp","href":"https:\/\/api.w.org\/{rel}","templated":true}]}}