{"id":30852,"date":"2023-05-16T15:24:20","date_gmt":"2023-05-16T15:24:20","guid":{"rendered":"https:\/\/www.elpolitologoyelpolitico.com.ar\/wordpress\/?p=30852"},"modified":"2023-05-16T15:24:22","modified_gmt":"2023-05-16T15:24:22","slug":"el-maragato-que-paso-por-el-barrio-y-la-liga-rionegrina-que-hoy-brilla-en-velez","status":"publish","type":"post","link":"https:\/\/www.elpolitologoyelpolitico.com.ar\/wordpress\/2023\/05\/16\/el-maragato-que-paso-por-el-barrio-y-la-liga-rionegrina-que-hoy-brilla-en-velez\/","title":{"rendered":"El Maragato que pas\u00f3 por el Barrio y la Liga Rionegrina que hoy brilla en Velez"},"content":{"rendered":"\n<p>C\u00f3mo Asociaci\u00f3n de Clubes Barriales de Patagones nos sentimos orgullosos de los primeros logros que est\u00e1 consiguiendo un jugador nacido y formado futbol\u00edsticamente en los barrios de Patagones.<\/p>\n\n\n\n<p>Queremos felicitar por su presente a Carlitos Gugenheim, quien desde hace unas semanas ya luce la 10 del club Club Atl\u00e9tico V\u00e9lez Sarsfield en la Reserva, liderando el torneo Protecci\u00f3n de la AFA.<\/p>\n\n\n\n<p>El camino de Carli por el f\u00fatbol barrial lo ayud\u00f3 a formarse y a adquirir el \u00abpotrero\u00bb que le vemos hoy en d\u00eda. Pero tambi\u00e9n a obtener sus primeros logros futbol\u00edsticos.<\/p>\n\n\n\n<p>Sus primeros pasos los di\u00f3 en la escuelita del Club Villa Morando, d\u00f3nde posteriormente debut\u00f3 en 2da Divisi\u00f3n de la Liga Barrial a muy corta edad.<\/p>\n\n\n\n<p>Supo jugar adem\u00e1s en los torneos de verano organizados por el club Rampla, siendo campe\u00f3n con el equipo Estudio Jur\u00eddico con tan solo 16 a\u00f1os.<\/p>\n\n\n\n<p>En el 2021, luego del p\u00e1rate por la pandemia, ya con la camiseta de Progreso, se coron\u00f3 campe\u00f3n de 1ra Divisi\u00f3n del torneo Clausura, siendo -con 17 a\u00f1os- la gran figura del torneo y de la final, d\u00f3nde convirti\u00f3 un gol en el triunfo 3-2 sobre Rampla.<\/p>\n\n\n\n<p>Al a\u00f1o siguiente, su derrotero por los barrios lo vio festejar la Copa de Campeones al vencer al Guido de Viedma.<\/p>\n\n\n\n<p>Hoy, y luego de romperla en Liga Rionegrina y Torneo Regional, su presente lo encuentra desde hace un pu\u00f1ado de partido jugando en el puntero del torneo de Reserva de la AFA, Velez Sarsfield. Luce la 10 y ya consigui\u00f3 anotarse con dos goles en cuatro partidos.<\/p>\n\n\n\n<p>Desde la ACBFP le deseamos el mayor de los \u00e9xitos, que siga el crecimiento forjado en base al trabajo y la humildad que ha demostrado hasta aqu\u00ed.<\/p>\n<div class=\"fb-background-color\">\n\t\t\t  <div \n\t\t\t  \tclass = \"fb-comments\" \n\t\t\t  \tdata-href = \"https:\/\/www.elpolitologoyelpolitico.com.ar\/wordpress\/2023\/05\/16\/el-maragato-que-paso-por-el-barrio-y-la-liga-rionegrina-que-hoy-brilla-en-velez\/\"\n\t\t\t  \tdata-numposts = \"10\"\n\t\t\t  \tdata-lazy = \"true\"\n\t\t\t\tdata-colorscheme = \"light\"\n\t\t\t\tdata-order-by = \"social\"\n\t\t\t\tdata-mobile=true>\n\t\t\t  <\/div><\/div>\n\t\t  <style>\n\t\t    .fb-background-color {\n\t\t\t\tbackground: #ffffff !important;\n\t\t\t}\n\t\t\t.fb_iframe_widget_fluid_desktop iframe {\n\t\t\t    width: 100% !important;\n\t\t\t}\n\t\t  <\/style>\n\t\t  ","protected":false},"excerpt":{"rendered":"<p>C\u00f3mo Asociaci\u00f3n de Clubes Barriales de Patagones nos sentimos orgullosos de los primeros logros que est\u00e1 consiguiendo un jugador nacido y formado futbol\u00edsticamente en los barrios de Patagones. Queremos felicitar por su presente a Carlitos Gugenheim, quien desde hace unas semanas ya luce la 10 del club Club Atl\u00e9tico V\u00e9lez Sarsfield en la Reserva, liderando [&hellip;]<\/p>\n","protected":false},"author":4,"featured_media":30853,"comment_status":"closed","ping_status":"closed","sticky":false,"template":"","format":"standard","meta":{"_joinchat":[],"footnotes":""},"categories":[39],"tags":[],"class_list":["post-30852","post","type-post","status-publish","format-standard","has-post-thumbnail","hentry","category-en-esta-seccion"],"_links":{"self":[{"href":"https:\/\/www.elpolitologoyelpolitico.com.ar\/wordpress\/wp-json\/wp\/v2\/posts\/30852","targetHints":{"allow":["GET"]}}],"collection":[{"href":"https:\/\/www.elpolitologoyelpolitico.com.ar\/wordpress\/wp-json\/wp\/v2\/posts"}],"about":[{"href":"https:\/\/www.elpolitologoyelpolitico.com.ar\/wordpress\/wp-json\/wp\/v2\/types\/post"}],"author":[{"embeddable":true,"href":"https:\/\/www.elpolitologoyelpolitico.com.ar\/wordpress\/wp-json\/wp\/v2\/users\/4"}],"replies":[{"embeddable":true,"href":"https:\/\/www.elpolitologoyelpolitico.com.ar\/wordpress\/wp-json\/wp\/v2\/comments?post=30852"}],"version-history":[{"count":0,"href":"https:\/\/www.elpolitologoyelpolitico.com.ar\/wordpress\/wp-json\/wp\/v2\/posts\/30852\/revisions"}],"wp:featuredmedia":[{"embeddable":true,"href":"https:\/\/www.elpolitologoyelpolitico.com.ar\/wordpress\/wp-json\/wp\/v2\/media\/30853"}],"wp:attachment":[{"href":"https:\/\/www.elpolitologoyelpolitico.com.ar\/wordpress\/wp-json\/wp\/v2\/media?parent=30852"}],"wp:term":[{"taxonomy":"category","embeddable":true,"href":"https:\/\/www.elpolitologoyelpolitico.com.ar\/wordpress\/wp-json\/wp\/v2\/categories?post=30852"},{"taxonomy":"post_tag","embeddable":true,"href":"https:\/\/www.elpolitologoyelpolitico.com.ar\/wordpress\/wp-json\/wp\/v2\/tags?post=30852"}],"curies":[{"name":"wp","href":"https:\/\/api.w.org\/{rel}","templated":true}]}}