{"id":30848,"date":"2023-05-16T14:34:45","date_gmt":"2023-05-16T14:34:45","guid":{"rendered":"https:\/\/www.elpolitologoyelpolitico.com.ar\/wordpress\/?p=30848"},"modified":"2023-05-16T14:34:47","modified_gmt":"2023-05-16T14:34:47","slug":"siguen-las-jornadas-del-programa-el-girsu-en-la-escuela","status":"publish","type":"post","link":"https:\/\/www.elpolitologoyelpolitico.com.ar\/wordpress\/2023\/05\/16\/siguen-las-jornadas-del-programa-el-girsu-en-la-escuela\/","title":{"rendered":"Siguen las jornadas del Programa \u00abEl GIRSU en la escuela\u00bb"},"content":{"rendered":"\n<p>Dando continuidad a las presentaciones del Programa \u00abEl GIRSU en la escuela\u00bb, se realiz\u00f3 una nueva jornada en la Escuela Primaria N\u00b012, de Villalonga, a pedido de las autoridades de la instituci\u00f3n, que viene trabajando en proyectos relacionados a separaci\u00f3n en origen y compostaje.<\/p>\n\n\n\n<p>El encuentro se desarroll\u00f3 en dos etapas: con actividades para m\u00e1s de 60 ni\u00f1os de entre primer y cuarto grado y la segunda con casi 40 alumnos del turno tarde, de cuarto y sexto grado, quienes vienen trabajando en un proyecto para ser multiplicadores en la comunidad local de esta important\u00edsima actividad, por lo cual mostraron especial inter\u00e9s en conocer el tipo de materiales que actualmente recupera la cooperativa CoTraNVi y c\u00f3mo es el proceso hasta su destino sustentable.<\/p>\n\n\n\n<p>A su vez se profundiz\u00f3 sobre la elaboraci\u00f3n de compost y nos contaron acerca de su experiencia con el lombricompuesto.<\/p>\n\n\n\n<p>Desde GIRSU Patagones agradecieron a los Promotores Ambientales de la Cooperativa, quienes enriquecen cada presentaci\u00f3n con sus saberes y a las autoridades, cuerpo docente y alumnado de la escuela N\u00b0 12 por las atenciones brindadas y su genuino inter\u00e9s en el programa.<\/p>\n\n\n\n<p>\u201cEstamos convencidos que hay un cambio de paradigma en materia de cuidado del medio ambiente, por lo que se afianza cada vez m\u00e1s la tarea de concientizaci\u00f3n en el manejo de los residuos s\u00f3lidos urbanos y el reciclaje a las nuevas generaciones, teniendo en cuenta las experiencias que hemos desarrollado en el Distrito, donde es destacable el compromiso e inter\u00e9s que presentan nuestros ni\u00f1os, adolescentes y j\u00f3venes\u201d, resalt\u00f3 el titular del GIRSU Patagones, Guido Bergandi.<\/p>\n\n\n\n<figure class=\"wp-block-image size-large\"><img fetchpriority=\"high\" decoding=\"async\" width=\"677\" height=\"1024\" src=\"https:\/\/www.elpolitologoyelpolitico.com.ar\/wp-content\/uploads\/2023\/05\/IMG-20230516-WA0007-677x1024.jpg\" alt=\"\" class=\"wp-image-30850\" srcset=\"https:\/\/www.elpolitologoyelpolitico.com.ar\/wp-content\/uploads\/2023\/05\/IMG-20230516-WA0007-677x1024.jpg 677w, https:\/\/www.elpolitologoyelpolitico.com.ar\/wp-content\/uploads\/2023\/05\/IMG-20230516-WA0007-198x300.jpg 198w, https:\/\/www.elpolitologoyelpolitico.com.ar\/wp-content\/uploads\/2023\/05\/IMG-20230516-WA0007.jpg 693w\" sizes=\"(max-width: 677px) 100vw, 677px\" \/><\/figure>\n<div class=\"fb-background-color\">\n\t\t\t  <div \n\t\t\t  \tclass = \"fb-comments\" \n\t\t\t  \tdata-href = \"https:\/\/www.elpolitologoyelpolitico.com.ar\/wordpress\/2023\/05\/16\/siguen-las-jornadas-del-programa-el-girsu-en-la-escuela\/\"\n\t\t\t  \tdata-numposts = \"10\"\n\t\t\t  \tdata-lazy = \"true\"\n\t\t\t\tdata-colorscheme = \"light\"\n\t\t\t\tdata-order-by = \"social\"\n\t\t\t\tdata-mobile=true>\n\t\t\t  <\/div><\/div>\n\t\t  <style>\n\t\t    .fb-background-color {\n\t\t\t\tbackground: #ffffff !important;\n\t\t\t}\n\t\t\t.fb_iframe_widget_fluid_desktop iframe {\n\t\t\t    width: 100% !important;\n\t\t\t}\n\t\t  <\/style>\n\t\t  ","protected":false},"excerpt":{"rendered":"<p>Dando continuidad a las presentaciones del Programa \u00abEl GIRSU en la escuela\u00bb, se realiz\u00f3 una nueva jornada en la Escuela Primaria N\u00b012, de Villalonga, a pedido de las autoridades de la instituci\u00f3n, que viene trabajando en proyectos relacionados a separaci\u00f3n en origen y compostaje. El encuentro se desarroll\u00f3 en dos etapas: con actividades para m\u00e1s [&hellip;]<\/p>\n","protected":false},"author":4,"featured_media":30849,"comment_status":"closed","ping_status":"closed","sticky":false,"template":"","format":"standard","meta":{"_joinchat":[],"footnotes":""},"categories":[4],"tags":[],"class_list":["post-30848","post","type-post","status-publish","format-standard","has-post-thumbnail","hentry","category-politicas-publicas"],"_links":{"self":[{"href":"https:\/\/www.elpolitologoyelpolitico.com.ar\/wordpress\/wp-json\/wp\/v2\/posts\/30848","targetHints":{"allow":["GET"]}}],"collection":[{"href":"https:\/\/www.elpolitologoyelpolitico.com.ar\/wordpress\/wp-json\/wp\/v2\/posts"}],"about":[{"href":"https:\/\/www.elpolitologoyelpolitico.com.ar\/wordpress\/wp-json\/wp\/v2\/types\/post"}],"author":[{"embeddable":true,"href":"https:\/\/www.elpolitologoyelpolitico.com.ar\/wordpress\/wp-json\/wp\/v2\/users\/4"}],"replies":[{"embeddable":true,"href":"https:\/\/www.elpolitologoyelpolitico.com.ar\/wordpress\/wp-json\/wp\/v2\/comments?post=30848"}],"version-history":[{"count":0,"href":"https:\/\/www.elpolitologoyelpolitico.com.ar\/wordpress\/wp-json\/wp\/v2\/posts\/30848\/revisions"}],"wp:featuredmedia":[{"embeddable":true,"href":"https:\/\/www.elpolitologoyelpolitico.com.ar\/wordpress\/wp-json\/wp\/v2\/media\/30849"}],"wp:attachment":[{"href":"https:\/\/www.elpolitologoyelpolitico.com.ar\/wordpress\/wp-json\/wp\/v2\/media?parent=30848"}],"wp:term":[{"taxonomy":"category","embeddable":true,"href":"https:\/\/www.elpolitologoyelpolitico.com.ar\/wordpress\/wp-json\/wp\/v2\/categories?post=30848"},{"taxonomy":"post_tag","embeddable":true,"href":"https:\/\/www.elpolitologoyelpolitico.com.ar\/wordpress\/wp-json\/wp\/v2\/tags?post=30848"}],"curies":[{"name":"wp","href":"https:\/\/api.w.org\/{rel}","templated":true}]}}