{"id":30845,"date":"2023-05-16T14:03:40","date_gmt":"2023-05-16T14:03:40","guid":{"rendered":"https:\/\/www.elpolitologoyelpolitico.com.ar\/wordpress\/?p=30845"},"modified":"2023-05-16T14:03:41","modified_gmt":"2023-05-16T14:03:41","slug":"con-motivo-del-dia-mundial-de-la-hipertension-manana-se-realiza-la-jornada-de-concientizacion-en-la-clinica-viedma","status":"publish","type":"post","link":"https:\/\/www.elpolitologoyelpolitico.com.ar\/wordpress\/2023\/05\/16\/con-motivo-del-dia-mundial-de-la-hipertension-manana-se-realiza-la-jornada-de-concientizacion-en-la-clinica-viedma\/","title":{"rendered":"Con motivo del D\u00eda Mundial de la Hipertensi\u00f3n, ma\u00f1ana se realiza la jornada de concientizaci\u00f3n en la Cl\u00ednica Viedma."},"content":{"rendered":"\n<p>Durante la jornada que tendr\u00e1 lugar de 10:30 a 11:30hs en el hall del edificio, estaremos midiendo la presi\u00f3n arterial y entregando folleter\u00eda informativa sobre la hipertensi\u00f3n. Adem\u00e1s, esta la Dra. Melina Mana, medica cardiologa a disposici\u00f3n para responder preguntas frecuentes y brindar informaci\u00f3n sobre los cuidados y prevenci\u00f3n de esta patolog\u00eda.<\/p>\n\n\n\n<p>La prevenci\u00f3n y el cuidado de la hipertensi\u00f3n es fundamental para nuestra salud y bienestar. Por eso, te invitamos a acercarte a la Cl\u00ednica Viedma para cuidar juntos tu salud.<\/p>\n<div class=\"fb-background-color\">\n\t\t\t  <div \n\t\t\t  \tclass = \"fb-comments\" \n\t\t\t  \tdata-href = \"https:\/\/www.elpolitologoyelpolitico.com.ar\/wordpress\/2023\/05\/16\/con-motivo-del-dia-mundial-de-la-hipertension-manana-se-realiza-la-jornada-de-concientizacion-en-la-clinica-viedma\/\"\n\t\t\t  \tdata-numposts = \"10\"\n\t\t\t  \tdata-lazy = \"true\"\n\t\t\t\tdata-colorscheme = \"light\"\n\t\t\t\tdata-order-by = \"social\"\n\t\t\t\tdata-mobile=true>\n\t\t\t  <\/div><\/div>\n\t\t  <style>\n\t\t    .fb-background-color {\n\t\t\t\tbackground: #ffffff !important;\n\t\t\t}\n\t\t\t.fb_iframe_widget_fluid_desktop iframe {\n\t\t\t    width: 100% !important;\n\t\t\t}\n\t\t  <\/style>\n\t\t  ","protected":false},"excerpt":{"rendered":"<p>Durante la jornada que tendr\u00e1 lugar de 10:30 a 11:30hs en el hall del edificio, estaremos midiendo la presi\u00f3n arterial y entregando folleter\u00eda informativa sobre la hipertensi\u00f3n. Adem\u00e1s, esta la Dra. Melina Mana, medica cardiologa a disposici\u00f3n para responder preguntas frecuentes y brindar informaci\u00f3n sobre los cuidados y prevenci\u00f3n de esta patolog\u00eda. La prevenci\u00f3n y [&hellip;]<\/p>\n","protected":false},"author":4,"featured_media":30846,"comment_status":"closed","ping_status":"closed","sticky":false,"template":"","format":"standard","meta":{"_joinchat":[],"footnotes":""},"categories":[39],"tags":[],"class_list":["post-30845","post","type-post","status-publish","format-standard","has-post-thumbnail","hentry","category-en-esta-seccion"],"_links":{"self":[{"href":"https:\/\/www.elpolitologoyelpolitico.com.ar\/wordpress\/wp-json\/wp\/v2\/posts\/30845","targetHints":{"allow":["GET"]}}],"collection":[{"href":"https:\/\/www.elpolitologoyelpolitico.com.ar\/wordpress\/wp-json\/wp\/v2\/posts"}],"about":[{"href":"https:\/\/www.elpolitologoyelpolitico.com.ar\/wordpress\/wp-json\/wp\/v2\/types\/post"}],"author":[{"embeddable":true,"href":"https:\/\/www.elpolitologoyelpolitico.com.ar\/wordpress\/wp-json\/wp\/v2\/users\/4"}],"replies":[{"embeddable":true,"href":"https:\/\/www.elpolitologoyelpolitico.com.ar\/wordpress\/wp-json\/wp\/v2\/comments?post=30845"}],"version-history":[{"count":0,"href":"https:\/\/www.elpolitologoyelpolitico.com.ar\/wordpress\/wp-json\/wp\/v2\/posts\/30845\/revisions"}],"wp:featuredmedia":[{"embeddable":true,"href":"https:\/\/www.elpolitologoyelpolitico.com.ar\/wordpress\/wp-json\/wp\/v2\/media\/30846"}],"wp:attachment":[{"href":"https:\/\/www.elpolitologoyelpolitico.com.ar\/wordpress\/wp-json\/wp\/v2\/media?parent=30845"}],"wp:term":[{"taxonomy":"category","embeddable":true,"href":"https:\/\/www.elpolitologoyelpolitico.com.ar\/wordpress\/wp-json\/wp\/v2\/categories?post=30845"},{"taxonomy":"post_tag","embeddable":true,"href":"https:\/\/www.elpolitologoyelpolitico.com.ar\/wordpress\/wp-json\/wp\/v2\/tags?post=30845"}],"curies":[{"name":"wp","href":"https:\/\/api.w.org\/{rel}","templated":true}]}}