{"id":30842,"date":"2023-05-16T12:34:13","date_gmt":"2023-05-16T12:34:13","guid":{"rendered":"https:\/\/www.elpolitologoyelpolitico.com.ar\/wordpress\/?p=30842"},"modified":"2023-05-16T12:34:14","modified_gmt":"2023-05-16T12:34:14","slug":"los-jubilados-municipales-cobran-con-el-aumento-correspondiente","status":"publish","type":"post","link":"https:\/\/www.elpolitologoyelpolitico.com.ar\/wordpress\/2023\/05\/16\/los-jubilados-municipales-cobran-con-el-aumento-correspondiente\/","title":{"rendered":"Los Jubilados Municipales, cobran con el aumento correspondiente."},"content":{"rendered":"\n<p>Luego de las gestiones realizadas por los Concejales integrantes del bloque Frente de Todos, ante la presidenta del Instituto de&nbsp; Previsi\u00f3n Social de la provincia de Buenos Aires, Marina Moretti,&nbsp; se confirma el pago de los aumentos atrasados.<\/p>\n\n\n\n<p>Los Ediles del FDT,&nbsp; debieron realizar estas gestiones ante la titular de IPS, debido a que los Jubilados Municipales no estaban percibiendo los aumentos correspondientes, en tal sentido, la funcionaria Provincial les confirmo a los integrantes de la bancada del FdT,&nbsp; que los&nbsp; mismos se cobraran en el pr\u00f3ximo pago, y se&nbsp; estar\u00e1n percibiendo la totalidad de los aumentos atrasados segun corresponda, a los meses de Noviembre 2022 ,Enero , Marzo, Abril y Mayo&nbsp; 2023.<\/p>\n\n\n\n<p>Cabe aclarar que durante el a\u00f1o 2022 los jubilados Municipales debido a las paritarias acordadas en su totalidad en negro para los EM,&nbsp; solamente obtuvieron un 17% de aumento en todo el a\u00f1o . Desde el Bloque del Frente de todos agradecen a la Presidenta del IPS&nbsp; Marina Moretti por su especial atenci\u00f3n&nbsp; para poder resolver la situaci\u00f3n a la brevedad luego del primer&nbsp; contacto con los ediles ante la dif\u00edcil situaci\u00f3n que atraviesan nuestros jubilados<\/p>\n<div class=\"fb-background-color\">\n\t\t\t  <div \n\t\t\t  \tclass = \"fb-comments\" \n\t\t\t  \tdata-href = \"https:\/\/www.elpolitologoyelpolitico.com.ar\/wordpress\/2023\/05\/16\/los-jubilados-municipales-cobran-con-el-aumento-correspondiente\/\"\n\t\t\t  \tdata-numposts = \"10\"\n\t\t\t  \tdata-lazy = \"true\"\n\t\t\t\tdata-colorscheme = \"light\"\n\t\t\t\tdata-order-by = \"social\"\n\t\t\t\tdata-mobile=true>\n\t\t\t  <\/div><\/div>\n\t\t  <style>\n\t\t    .fb-background-color {\n\t\t\t\tbackground: #ffffff !important;\n\t\t\t}\n\t\t\t.fb_iframe_widget_fluid_desktop iframe {\n\t\t\t    width: 100% !important;\n\t\t\t}\n\t\t  <\/style>\n\t\t  ","protected":false},"excerpt":{"rendered":"<p>Luego de las gestiones realizadas por los Concejales integrantes del bloque Frente de Todos, ante la presidenta del Instituto de&nbsp; Previsi\u00f3n Social de la provincia de Buenos Aires, Marina Moretti,&nbsp; se confirma el pago de los aumentos atrasados. Los Ediles del FDT,&nbsp; debieron realizar estas gestiones ante la titular de IPS, debido a que los [&hellip;]<\/p>\n","protected":false},"author":4,"featured_media":30843,"comment_status":"closed","ping_status":"closed","sticky":false,"template":"","format":"standard","meta":{"_joinchat":[],"footnotes":""},"categories":[39],"tags":[],"class_list":["post-30842","post","type-post","status-publish","format-standard","has-post-thumbnail","hentry","category-en-esta-seccion"],"_links":{"self":[{"href":"https:\/\/www.elpolitologoyelpolitico.com.ar\/wordpress\/wp-json\/wp\/v2\/posts\/30842","targetHints":{"allow":["GET"]}}],"collection":[{"href":"https:\/\/www.elpolitologoyelpolitico.com.ar\/wordpress\/wp-json\/wp\/v2\/posts"}],"about":[{"href":"https:\/\/www.elpolitologoyelpolitico.com.ar\/wordpress\/wp-json\/wp\/v2\/types\/post"}],"author":[{"embeddable":true,"href":"https:\/\/www.elpolitologoyelpolitico.com.ar\/wordpress\/wp-json\/wp\/v2\/users\/4"}],"replies":[{"embeddable":true,"href":"https:\/\/www.elpolitologoyelpolitico.com.ar\/wordpress\/wp-json\/wp\/v2\/comments?post=30842"}],"version-history":[{"count":0,"href":"https:\/\/www.elpolitologoyelpolitico.com.ar\/wordpress\/wp-json\/wp\/v2\/posts\/30842\/revisions"}],"wp:featuredmedia":[{"embeddable":true,"href":"https:\/\/www.elpolitologoyelpolitico.com.ar\/wordpress\/wp-json\/wp\/v2\/media\/30843"}],"wp:attachment":[{"href":"https:\/\/www.elpolitologoyelpolitico.com.ar\/wordpress\/wp-json\/wp\/v2\/media?parent=30842"}],"wp:term":[{"taxonomy":"category","embeddable":true,"href":"https:\/\/www.elpolitologoyelpolitico.com.ar\/wordpress\/wp-json\/wp\/v2\/categories?post=30842"},{"taxonomy":"post_tag","embeddable":true,"href":"https:\/\/www.elpolitologoyelpolitico.com.ar\/wordpress\/wp-json\/wp\/v2\/tags?post=30842"}],"curies":[{"name":"wp","href":"https:\/\/api.w.org\/{rel}","templated":true}]}}