{"id":30821,"date":"2023-05-15T15:44:12","date_gmt":"2023-05-15T15:44:12","guid":{"rendered":"https:\/\/www.elpolitologoyelpolitico.com.ar\/wordpress\/?p=30821"},"modified":"2023-05-15T15:44:13","modified_gmt":"2023-05-15T15:44:13","slug":"oscar-watts-inaugura-su-exposicion-en-el-centro-cultural","status":"publish","type":"post","link":"https:\/\/www.elpolitologoyelpolitico.com.ar\/wordpress\/2023\/05\/15\/oscar-watts-inaugura-su-exposicion-en-el-centro-cultural\/","title":{"rendered":"Oscar Watts inaugura su exposici\u00f3n en el Centro Cultural&nbsp;"},"content":{"rendered":"\n<p>Este viernes 19 de mayo desde las 19 en el Centro Municipal de Cultura Oscar Watts inaugura su exposici\u00f3n de pinturas, que podr\u00e1 ser visitada hasta el 30 de mayo con entrada libre y gratuita.<\/p>\n\n\n\n<p>La misma podr\u00e1 ser visitada de lunes a viernes de 8 a 13 y de 15 a 21, y los fines de semana de acuerdo a las actividades programadas en el Centro Cultural de Viedma.<\/p>\n\n\n\n<p>Sobre el autor<\/p>\n\n\n\n<p>Nacido en la ciudad de Mar del Plata en 1968, rionegrino por adopci\u00f3n desde 2002. Profesor de historia y apasionado por el dibujo y la pintura.<\/p>\n\n\n\n<p>Se form\u00f3 en los talleres de los&nbsp; pintores y dibujantes, Naco Fichetti y del lime\u00f1o Renso Castagneda.<br>Su especialidad es el retrato y la caricatura, con \u00f3leos y acr\u00edlicos sobre tela, oleos pastel sobre papel y grafito sobre papel entre otros.<\/p>\n<div class=\"fb-background-color\">\n\t\t\t  <div \n\t\t\t  \tclass = \"fb-comments\" \n\t\t\t  \tdata-href = \"https:\/\/www.elpolitologoyelpolitico.com.ar\/wordpress\/2023\/05\/15\/oscar-watts-inaugura-su-exposicion-en-el-centro-cultural\/\"\n\t\t\t  \tdata-numposts = \"10\"\n\t\t\t  \tdata-lazy = \"true\"\n\t\t\t\tdata-colorscheme = \"light\"\n\t\t\t\tdata-order-by = \"social\"\n\t\t\t\tdata-mobile=true>\n\t\t\t  <\/div><\/div>\n\t\t  <style>\n\t\t    .fb-background-color {\n\t\t\t\tbackground: #ffffff !important;\n\t\t\t}\n\t\t\t.fb_iframe_widget_fluid_desktop iframe {\n\t\t\t    width: 100% !important;\n\t\t\t}\n\t\t  <\/style>\n\t\t  ","protected":false},"excerpt":{"rendered":"<p>Este viernes 19 de mayo desde las 19 en el Centro Municipal de Cultura Oscar Watts inaugura su exposici\u00f3n de pinturas, que podr\u00e1 ser visitada hasta el 30 de mayo con entrada libre y gratuita. La misma podr\u00e1 ser visitada de lunes a viernes de 8 a 13 y de 15 a 21, y los [&hellip;]<\/p>\n","protected":false},"author":4,"featured_media":30822,"comment_status":"closed","ping_status":"closed","sticky":false,"template":"","format":"standard","meta":{"_joinchat":[],"footnotes":""},"categories":[39],"tags":[],"class_list":["post-30821","post","type-post","status-publish","format-standard","has-post-thumbnail","hentry","category-en-esta-seccion"],"_links":{"self":[{"href":"https:\/\/www.elpolitologoyelpolitico.com.ar\/wordpress\/wp-json\/wp\/v2\/posts\/30821","targetHints":{"allow":["GET"]}}],"collection":[{"href":"https:\/\/www.elpolitologoyelpolitico.com.ar\/wordpress\/wp-json\/wp\/v2\/posts"}],"about":[{"href":"https:\/\/www.elpolitologoyelpolitico.com.ar\/wordpress\/wp-json\/wp\/v2\/types\/post"}],"author":[{"embeddable":true,"href":"https:\/\/www.elpolitologoyelpolitico.com.ar\/wordpress\/wp-json\/wp\/v2\/users\/4"}],"replies":[{"embeddable":true,"href":"https:\/\/www.elpolitologoyelpolitico.com.ar\/wordpress\/wp-json\/wp\/v2\/comments?post=30821"}],"version-history":[{"count":0,"href":"https:\/\/www.elpolitologoyelpolitico.com.ar\/wordpress\/wp-json\/wp\/v2\/posts\/30821\/revisions"}],"wp:featuredmedia":[{"embeddable":true,"href":"https:\/\/www.elpolitologoyelpolitico.com.ar\/wordpress\/wp-json\/wp\/v2\/media\/30822"}],"wp:attachment":[{"href":"https:\/\/www.elpolitologoyelpolitico.com.ar\/wordpress\/wp-json\/wp\/v2\/media?parent=30821"}],"wp:term":[{"taxonomy":"category","embeddable":true,"href":"https:\/\/www.elpolitologoyelpolitico.com.ar\/wordpress\/wp-json\/wp\/v2\/categories?post=30821"},{"taxonomy":"post_tag","embeddable":true,"href":"https:\/\/www.elpolitologoyelpolitico.com.ar\/wordpress\/wp-json\/wp\/v2\/tags?post=30821"}],"curies":[{"name":"wp","href":"https:\/\/api.w.org\/{rel}","templated":true}]}}