{"id":30818,"date":"2023-05-15T15:33:35","date_gmt":"2023-05-15T15:33:35","guid":{"rendered":"https:\/\/www.elpolitologoyelpolitico.com.ar\/wordpress\/?p=30818"},"modified":"2023-05-15T15:33:37","modified_gmt":"2023-05-15T15:33:37","slug":"el-dia-sabado-se-llevo-adelante-la-2da-jornada-de-mujeres-emprendedoras-en-patagones","status":"publish","type":"post","link":"https:\/\/www.elpolitologoyelpolitico.com.ar\/wordpress\/2023\/05\/15\/el-dia-sabado-se-llevo-adelante-la-2da-jornada-de-mujeres-emprendedoras-en-patagones\/","title":{"rendered":"El d\u00eda s\u00e1bado se llev\u00f3 adelante la 2da jornada de Mujeres Emprendedoras en Patagones"},"content":{"rendered":"\n<p>Este proyecto productivo, busca el desarrollo del emprendimiento femenino no solo es importante para la sociedad y el mercado en su conjunto, sino tambi\u00e9n beneficioso, porque, al reducir las brechas de g\u00e9nero, hay una sociedad m\u00e1s igualitaria y plural en ideas, negocios y oportunidades.<\/p>\n\n\n\n<p>Mujeres Emprendedoras buscar fortalecer el desarrollo econ\u00f3mico local y los ingresos familiares a trav\u00e9s de la producci\u00f3n artesanal de distintas \u00edndole como: lencer\u00eda femenina, jabones, velas, cuadros, tejidos, almohadones, cremas, etc.<\/p>\n\n\n\n<p>El lugar de encuentro son los 2 s\u00e1bados de cada mes en Comodoro Rivadavia y Luis Piedra Buena de 16 a 19 horas.<\/p>\n<div class=\"fb-background-color\">\n\t\t\t  <div \n\t\t\t  \tclass = \"fb-comments\" \n\t\t\t  \tdata-href = \"https:\/\/www.elpolitologoyelpolitico.com.ar\/wordpress\/2023\/05\/15\/el-dia-sabado-se-llevo-adelante-la-2da-jornada-de-mujeres-emprendedoras-en-patagones\/\"\n\t\t\t  \tdata-numposts = \"10\"\n\t\t\t  \tdata-lazy = \"true\"\n\t\t\t\tdata-colorscheme = \"light\"\n\t\t\t\tdata-order-by = \"social\"\n\t\t\t\tdata-mobile=true>\n\t\t\t  <\/div><\/div>\n\t\t  <style>\n\t\t    .fb-background-color {\n\t\t\t\tbackground: #ffffff !important;\n\t\t\t}\n\t\t\t.fb_iframe_widget_fluid_desktop iframe {\n\t\t\t    width: 100% !important;\n\t\t\t}\n\t\t  <\/style>\n\t\t  ","protected":false},"excerpt":{"rendered":"<p>Este proyecto productivo, busca el desarrollo del emprendimiento femenino no solo es importante para la sociedad y el mercado en su conjunto, sino tambi\u00e9n beneficioso, porque, al reducir las brechas de g\u00e9nero, hay una sociedad m\u00e1s igualitaria y plural en ideas, negocios y oportunidades. Mujeres Emprendedoras buscar fortalecer el desarrollo econ\u00f3mico local y los ingresos [&hellip;]<\/p>\n","protected":false},"author":4,"featured_media":30819,"comment_status":"closed","ping_status":"closed","sticky":false,"template":"","format":"standard","meta":{"_joinchat":[],"footnotes":""},"categories":[39],"tags":[],"class_list":["post-30818","post","type-post","status-publish","format-standard","has-post-thumbnail","hentry","category-en-esta-seccion"],"_links":{"self":[{"href":"https:\/\/www.elpolitologoyelpolitico.com.ar\/wordpress\/wp-json\/wp\/v2\/posts\/30818","targetHints":{"allow":["GET"]}}],"collection":[{"href":"https:\/\/www.elpolitologoyelpolitico.com.ar\/wordpress\/wp-json\/wp\/v2\/posts"}],"about":[{"href":"https:\/\/www.elpolitologoyelpolitico.com.ar\/wordpress\/wp-json\/wp\/v2\/types\/post"}],"author":[{"embeddable":true,"href":"https:\/\/www.elpolitologoyelpolitico.com.ar\/wordpress\/wp-json\/wp\/v2\/users\/4"}],"replies":[{"embeddable":true,"href":"https:\/\/www.elpolitologoyelpolitico.com.ar\/wordpress\/wp-json\/wp\/v2\/comments?post=30818"}],"version-history":[{"count":0,"href":"https:\/\/www.elpolitologoyelpolitico.com.ar\/wordpress\/wp-json\/wp\/v2\/posts\/30818\/revisions"}],"wp:featuredmedia":[{"embeddable":true,"href":"https:\/\/www.elpolitologoyelpolitico.com.ar\/wordpress\/wp-json\/wp\/v2\/media\/30819"}],"wp:attachment":[{"href":"https:\/\/www.elpolitologoyelpolitico.com.ar\/wordpress\/wp-json\/wp\/v2\/media?parent=30818"}],"wp:term":[{"taxonomy":"category","embeddable":true,"href":"https:\/\/www.elpolitologoyelpolitico.com.ar\/wordpress\/wp-json\/wp\/v2\/categories?post=30818"},{"taxonomy":"post_tag","embeddable":true,"href":"https:\/\/www.elpolitologoyelpolitico.com.ar\/wordpress\/wp-json\/wp\/v2\/tags?post=30818"}],"curies":[{"name":"wp","href":"https:\/\/api.w.org\/{rel}","templated":true}]}}