{"id":30813,"date":"2023-05-15T15:20:59","date_gmt":"2023-05-15T15:20:59","guid":{"rendered":"https:\/\/www.elpolitologoyelpolitico.com.ar\/wordpress\/?p=30813"},"modified":"2023-05-15T15:21:01","modified_gmt":"2023-05-15T15:21:01","slug":"se-realizan-trabajos-de-limpieza-de-enganches-en-bahia-san-blas","status":"publish","type":"post","link":"https:\/\/www.elpolitologoyelpolitico.com.ar\/wordpress\/2023\/05\/15\/se-realizan-trabajos-de-limpieza-de-enganches-en-bahia-san-blas\/","title":{"rendered":"Se realizan trabajos de limpieza de enganches en Bah\u00eda San Blas"},"content":{"rendered":"\n<p>La Delegaci\u00f3n de Bah\u00eda San Blas informa a la comunidad que desde la semana pasada se est\u00e1n realizando trabajos de limpieza de enganches en la Villa tur\u00edstica.<\/p>\n\n\n\n<p>Los mismos se llevan a cabo en 8 kil\u00f3metros entre la playa de piedra y la de arena, con fondos municipales.<\/p>\n\n\n\n<p>El fin de semana pasado el Intedente municipal, Ing. Jos\u00e9 Luis Zara, recorri\u00f3 el lugar donde se llevan adelante los trabajos junto al delegado, Marcelo Molteni y al concejal, Ricardo Angos.<\/p>\n\n\n\n<p>Estas tareas se realizan con el objetivo de colaborar con la pr\u00e1ctica de pesca, en la costa de la Villa Balnearia.<\/p>\n\n\n\n<figure class=\"wp-block-gallery has-nested-images columns-default is-cropped wp-block-gallery-1 is-layout-flex wp-block-gallery-is-layout-flex\">\n<figure class=\"wp-block-image size-large\"><img fetchpriority=\"high\" decoding=\"async\" width=\"768\" height=\"1024\" data-id=\"30816\" src=\"https:\/\/www.elpolitologoyelpolitico.com.ar\/wp-content\/uploads\/2023\/05\/IMG-20230515-WA0020-768x1024.jpg\" alt=\"\" class=\"wp-image-30816\" srcset=\"https:\/\/www.elpolitologoyelpolitico.com.ar\/wp-content\/uploads\/2023\/05\/IMG-20230515-WA0020-768x1024.jpg 768w, https:\/\/www.elpolitologoyelpolitico.com.ar\/wp-content\/uploads\/2023\/05\/IMG-20230515-WA0020-225x300.jpg 225w, https:\/\/www.elpolitologoyelpolitico.com.ar\/wp-content\/uploads\/2023\/05\/IMG-20230515-WA0020-1152x1536.jpg 1152w, https:\/\/www.elpolitologoyelpolitico.com.ar\/wp-content\/uploads\/2023\/05\/IMG-20230515-WA0020.jpg 1200w\" sizes=\"(max-width: 768px) 100vw, 768px\" \/><\/figure>\n\n\n\n<figure class=\"wp-block-image size-large\"><img decoding=\"async\" width=\"576\" height=\"1024\" data-id=\"30815\" src=\"https:\/\/www.elpolitologoyelpolitico.com.ar\/wp-content\/uploads\/2023\/05\/IMG-20230515-WA0021-576x1024.jpg\" alt=\"\" class=\"wp-image-30815\" srcset=\"https:\/\/www.elpolitologoyelpolitico.com.ar\/wp-content\/uploads\/2023\/05\/IMG-20230515-WA0021-576x1024.jpg 576w, https:\/\/www.elpolitologoyelpolitico.com.ar\/wp-content\/uploads\/2023\/05\/IMG-20230515-WA0021-169x300.jpg 169w, https:\/\/www.elpolitologoyelpolitico.com.ar\/wp-content\/uploads\/2023\/05\/IMG-20230515-WA0021.jpg 648w\" sizes=\"(max-width: 576px) 100vw, 576px\" \/><\/figure>\n<\/figure>\n<div class=\"fb-background-color\">\n\t\t\t  <div \n\t\t\t  \tclass = \"fb-comments\" \n\t\t\t  \tdata-href = \"https:\/\/www.elpolitologoyelpolitico.com.ar\/wordpress\/2023\/05\/15\/se-realizan-trabajos-de-limpieza-de-enganches-en-bahia-san-blas\/\"\n\t\t\t  \tdata-numposts = \"10\"\n\t\t\t  \tdata-lazy = \"true\"\n\t\t\t\tdata-colorscheme = \"light\"\n\t\t\t\tdata-order-by = \"social\"\n\t\t\t\tdata-mobile=true>\n\t\t\t  <\/div><\/div>\n\t\t  <style>\n\t\t    .fb-background-color {\n\t\t\t\tbackground: #ffffff !important;\n\t\t\t}\n\t\t\t.fb_iframe_widget_fluid_desktop iframe {\n\t\t\t    width: 100% !important;\n\t\t\t}\n\t\t  <\/style>\n\t\t  ","protected":false},"excerpt":{"rendered":"<p>La Delegaci\u00f3n de Bah\u00eda San Blas informa a la comunidad que desde la semana pasada se est\u00e1n realizando trabajos de limpieza de enganches en la Villa tur\u00edstica. Los mismos se llevan a cabo en 8 kil\u00f3metros entre la playa de piedra y la de arena, con fondos municipales. El fin de semana pasado el Intedente [&hellip;]<\/p>\n","protected":false},"author":4,"featured_media":30814,"comment_status":"closed","ping_status":"closed","sticky":false,"template":"","format":"standard","meta":{"_joinchat":[],"footnotes":""},"categories":[4],"tags":[],"class_list":["post-30813","post","type-post","status-publish","format-standard","has-post-thumbnail","hentry","category-politicas-publicas"],"_links":{"self":[{"href":"https:\/\/www.elpolitologoyelpolitico.com.ar\/wordpress\/wp-json\/wp\/v2\/posts\/30813","targetHints":{"allow":["GET"]}}],"collection":[{"href":"https:\/\/www.elpolitologoyelpolitico.com.ar\/wordpress\/wp-json\/wp\/v2\/posts"}],"about":[{"href":"https:\/\/www.elpolitologoyelpolitico.com.ar\/wordpress\/wp-json\/wp\/v2\/types\/post"}],"author":[{"embeddable":true,"href":"https:\/\/www.elpolitologoyelpolitico.com.ar\/wordpress\/wp-json\/wp\/v2\/users\/4"}],"replies":[{"embeddable":true,"href":"https:\/\/www.elpolitologoyelpolitico.com.ar\/wordpress\/wp-json\/wp\/v2\/comments?post=30813"}],"version-history":[{"count":0,"href":"https:\/\/www.elpolitologoyelpolitico.com.ar\/wordpress\/wp-json\/wp\/v2\/posts\/30813\/revisions"}],"wp:featuredmedia":[{"embeddable":true,"href":"https:\/\/www.elpolitologoyelpolitico.com.ar\/wordpress\/wp-json\/wp\/v2\/media\/30814"}],"wp:attachment":[{"href":"https:\/\/www.elpolitologoyelpolitico.com.ar\/wordpress\/wp-json\/wp\/v2\/media?parent=30813"}],"wp:term":[{"taxonomy":"category","embeddable":true,"href":"https:\/\/www.elpolitologoyelpolitico.com.ar\/wordpress\/wp-json\/wp\/v2\/categories?post=30813"},{"taxonomy":"post_tag","embeddable":true,"href":"https:\/\/www.elpolitologoyelpolitico.com.ar\/wordpress\/wp-json\/wp\/v2\/tags?post=30813"}],"curies":[{"name":"wp","href":"https:\/\/api.w.org\/{rel}","templated":true}]}}