{"id":30810,"date":"2023-05-14T22:37:19","date_gmt":"2023-05-14T22:37:19","guid":{"rendered":"https:\/\/www.elpolitologoyelpolitico.com.ar\/wordpress\/?p=30810"},"modified":"2023-05-14T22:37:19","modified_gmt":"2023-05-14T22:37:19","slug":"viedma-recibio-alumnos-de-la-uns-que-se-capacitaron-en-turismo-local","status":"publish","type":"post","link":"https:\/\/www.elpolitologoyelpolitico.com.ar\/wordpress\/2023\/05\/14\/viedma-recibio-alumnos-de-la-uns-que-se-capacitaron-en-turismo-local\/","title":{"rendered":"Viedma recibi\u00f3 alumnos de la UNS que se capacitaron en turismo local"},"content":{"rendered":"\n<p>El gobierno de Viedma recibi\u00f3 alumnos de la Lic. en Turismo de la Universidad Nacional del Sur (UNS) qui\u00e9nes visitaron la ciudad y a trav\u00e9s de la Subsecretaria de Turismo se organizaron disertaciones de las diferentes propuestas que abarca el destino.<\/p>\n\n\n\n<p>Los alumnos pudieron abordar conocimientos sobre los atractivos tur\u00edsticos en general, los desaf\u00edos de desarrollo de la gesti\u00f3n p\u00fablica, los lineamientos del ENVITUR, las experiencias de agencia de turismo y sus excursiones, el camino hacia el turismo religioso a partir de la Santificaci\u00f3n de Zatti, as\u00ed como los ejes transversales de trabajo del Ministerio de Turismo de la provincia.<\/p>\n\n\n\n<p>Al respecto el Subsecretario de Turismo Sergio Rodriguez expres\u00f3 su alegr\u00eda y habl\u00f3 sobre la importancia de poder promocionar a trav\u00e9s de estudiantes de otras localidades nuestra ciudad \u201ccomo ciudad y como destino consideramos que este acercamiento con alumnos es sumamente importante para promocionar a Viedma y nuestro trabajo desde otra perspectiva\u201d.<\/p>\n\n\n\n<p>Esta actividad es de suma importancia, como \u00e1mbitos de reflexi\u00f3n y especialmente de promoci\u00f3n, como oportunidades de difusi\u00f3n sobre el destino.<\/p>\n\n\n\n<p><\/p>\n<div class=\"fb-background-color\">\n\t\t\t  <div \n\t\t\t  \tclass = \"fb-comments\" \n\t\t\t  \tdata-href = \"https:\/\/www.elpolitologoyelpolitico.com.ar\/wordpress\/2023\/05\/14\/viedma-recibio-alumnos-de-la-uns-que-se-capacitaron-en-turismo-local\/\"\n\t\t\t  \tdata-numposts = \"10\"\n\t\t\t  \tdata-lazy = \"true\"\n\t\t\t\tdata-colorscheme = \"light\"\n\t\t\t\tdata-order-by = \"social\"\n\t\t\t\tdata-mobile=true>\n\t\t\t  <\/div><\/div>\n\t\t  <style>\n\t\t    .fb-background-color {\n\t\t\t\tbackground: #ffffff !important;\n\t\t\t}\n\t\t\t.fb_iframe_widget_fluid_desktop iframe {\n\t\t\t    width: 100% !important;\n\t\t\t}\n\t\t  <\/style>\n\t\t  ","protected":false},"excerpt":{"rendered":"<p>El gobierno de Viedma recibi\u00f3 alumnos de la Lic. en Turismo de la Universidad Nacional del Sur (UNS) qui\u00e9nes visitaron la ciudad y a trav\u00e9s de la Subsecretaria de Turismo se organizaron disertaciones de las diferentes propuestas que abarca el destino. Los alumnos pudieron abordar conocimientos sobre los atractivos tur\u00edsticos en general, los desaf\u00edos de [&hellip;]<\/p>\n","protected":false},"author":4,"featured_media":30811,"comment_status":"closed","ping_status":"closed","sticky":false,"template":"","format":"standard","meta":{"_joinchat":[],"footnotes":""},"categories":[39],"tags":[],"class_list":["post-30810","post","type-post","status-publish","format-standard","has-post-thumbnail","hentry","category-en-esta-seccion"],"_links":{"self":[{"href":"https:\/\/www.elpolitologoyelpolitico.com.ar\/wordpress\/wp-json\/wp\/v2\/posts\/30810","targetHints":{"allow":["GET"]}}],"collection":[{"href":"https:\/\/www.elpolitologoyelpolitico.com.ar\/wordpress\/wp-json\/wp\/v2\/posts"}],"about":[{"href":"https:\/\/www.elpolitologoyelpolitico.com.ar\/wordpress\/wp-json\/wp\/v2\/types\/post"}],"author":[{"embeddable":true,"href":"https:\/\/www.elpolitologoyelpolitico.com.ar\/wordpress\/wp-json\/wp\/v2\/users\/4"}],"replies":[{"embeddable":true,"href":"https:\/\/www.elpolitologoyelpolitico.com.ar\/wordpress\/wp-json\/wp\/v2\/comments?post=30810"}],"version-history":[{"count":0,"href":"https:\/\/www.elpolitologoyelpolitico.com.ar\/wordpress\/wp-json\/wp\/v2\/posts\/30810\/revisions"}],"wp:featuredmedia":[{"embeddable":true,"href":"https:\/\/www.elpolitologoyelpolitico.com.ar\/wordpress\/wp-json\/wp\/v2\/media\/30811"}],"wp:attachment":[{"href":"https:\/\/www.elpolitologoyelpolitico.com.ar\/wordpress\/wp-json\/wp\/v2\/media?parent=30810"}],"wp:term":[{"taxonomy":"category","embeddable":true,"href":"https:\/\/www.elpolitologoyelpolitico.com.ar\/wordpress\/wp-json\/wp\/v2\/categories?post=30810"},{"taxonomy":"post_tag","embeddable":true,"href":"https:\/\/www.elpolitologoyelpolitico.com.ar\/wordpress\/wp-json\/wp\/v2\/tags?post=30810"}],"curies":[{"name":"wp","href":"https:\/\/api.w.org\/{rel}","templated":true}]}}