{"id":30805,"date":"2023-05-14T22:28:21","date_gmt":"2023-05-14T22:28:21","guid":{"rendered":"https:\/\/www.elpolitologoyelpolitico.com.ar\/wordpress\/?p=30805"},"modified":"2023-05-14T22:28:23","modified_gmt":"2023-05-14T22:28:23","slug":"el-segundo-semestre-del-ano-estara-cargado-de-competencias-para-rio-negro","status":"publish","type":"post","link":"https:\/\/www.elpolitologoyelpolitico.com.ar\/wordpress\/2023\/05\/14\/el-segundo-semestre-del-ano-estara-cargado-de-competencias-para-rio-negro\/","title":{"rendered":"El segundo semestre del a\u00f1o estar\u00e1 cargado de competencias para R\u00edo Negro"},"content":{"rendered":"\n<p>Los seleccionados rionegrinos buscar\u00e1n mantener el protagonismo en los eventos deportivos venideros para que la bandera provincial flamee en lo m\u00e1s alto. Los Juegos Patag\u00f3nicos, los Evita, Araucan\u00eda y Epade son algunas de las citas agendadas.<\/p>\n\n\n\n<p>Como todos los a\u00f1os R\u00edo Negro se ubica como un importante contendiente en cada certamen del que participa. En lo que va del 2023 se ubic\u00f3 en el s\u00e9ptimo lugar del medallero de los Juegos Nacionales Evita de Playa y en lo m\u00e1s alto del mismo en los Juegos Para Araucan\u00eda.<\/p>\n\n\n\n<p>El pr\u00f3ximo desaf\u00edo para las y los rionegrinos ser\u00e1 la segunda edici\u00f3n de los Juegos de la Integraci\u00f3n Patag\u00f3nica que se disputar\u00e1n en Puerto Madryn del 25 al 28 de mayo. En esta competencia participan representantes de las seis provincias patag\u00f3nicas que se miden en&nbsp; tenis de mesa, b\u00e1dminton, tiro con arco (estas tres tambi\u00e9n en modalidad adaptada), levantamiento ol\u00edmpico, lucha ol\u00edmpica, taekwondo, gimnasia art\u00edstica, tenis y la novedad de esta edici\u00f3n, escalada.<\/p>\n\n\n\n<p>Cabe destacar que en en la primera edici\u00f3n, disputada en La Pampa en 2022, la delegaci\u00f3n rionegrina logr\u00f3 el primer lugar en el medallero con 45 preseas: 28 de oro, 10 de plata y 7 de bronce.<\/p>\n\n\n\n<p>La siguiente competencia en el calendario provincial ser\u00e1 una novedad para los atletas tanto provinciales como del resto del pa\u00eds. Se trata de los primeros Juegos Nacionales Evita Urbanos que tendr\u00e1n lugar del 29 de agosto al 2 de septiembre en Buenos Aires. Un novedoso certamen donde las y los j\u00f3venes participantes (menores de 18 a\u00f1os) se miden en ajedrez, b\u00e1squet 3&#215;3, BMX freestyle, breaking, escalada, freestyle, parkour y skate.<\/p>\n\n\n\n<p>Una semana m\u00e1s tarde ser\u00e1 el turno de los representantes rionegrinos de mayor edad de salir a escena con lo que ser\u00e1n los Juegos Nacionales Evita para personas mayores. El evento se realizar\u00e1 en Santiago del Estero del 8 al 12 y tendr\u00e1 a participantes de todo el pa\u00eds disfrutando y compartiendo en ajedrez, sapo, newcom, tejo, orientaci\u00f3n, tenis de mesa, p\u00e1del y truco.<\/p>\n\n\n\n<p>A finales de septiembre, del 25 al 30, ser\u00e1 la \u00faltima de las finales nacionales de los Juegos Evita, destinada a atletas juveniles y con discapacidad. La misma tendr\u00e1 como sede una vez m\u00e1s Mar del Plata y contar\u00e1 con 40 disciplinas para los deportistas convencionales y con 12 a nivel adaptado.<\/p>\n\n\n\n<p>Ya en noviembre, la provincia de R\u00edo Negro ser\u00e1 el escenario de competencia con la 30\u00b0 edici\u00f3n de los Juegos Binacionales de la Araucan\u00eda. El evento ser\u00e1 del 12 al 17 y se dividir\u00e1 en distintas localidades de la provincia buscando que el mismo tenga un car\u00e1cter federal. Mientras que las disciplinas que competir\u00e1n son: judo, f\u00fatbol, b\u00e1squet, v\u00f3ley, atletismo, nataci\u00f3n y ciclismo en ambas ramas.<\/p>\n\n\n\n<p>Ser\u00e1 la tercera vez en la historia en la que los Juegos se disputen en tierras rionegrinas y en esta oportunidad ser\u00e1n 13 los participantes: La Pampa, Chubut, Tierra del Fuego, Santa Cruz, Neuqu\u00e9n y R\u00edo Negro por el lado argentino y Ays\u00e9n, Los R\u00edos, Los Lagos, Magallanes, \u00d1uble, La Araucan\u00eda y B\u00edoB\u00edo por el chileno.<\/p>\n\n\n\n<p>Actualmente la provincia es la vigente tricampeona del certamen y siendo sede buscar\u00e1 estirar la racha ganadora y lograr el cuarto t\u00edtulo al hilo. Adem\u00e1s es la m\u00e1xima ganadora de la contienda binacional con 14 consagraciones.<\/p>\n\n\n\n<p>Finalmente el cierre del a\u00f1o deportivo ser\u00e1 con los Juegos Epade y ParaEpade que se desarrollar\u00e1n en Tierra del Fuego del 2 al 8 de diciembre. En las ediciones de 2022 los y las rionegrinas se quedaron con el subcampeonato de ambas competencias.<\/p>\n\n\n\n<p>De esta manera R\u00edo Negro buscar\u00e1 seguir siendo protagonista en 2023 y ubicarse una vez m\u00e1s en los puestos m\u00e1s altos de cada desaf\u00edo que afronta.<\/p>\n\n\n\n<figure class=\"wp-block-gallery has-nested-images columns-default is-cropped wp-block-gallery-1 is-layout-flex wp-block-gallery-is-layout-flex\">\n<figure class=\"wp-block-image size-large\"><img fetchpriority=\"high\" decoding=\"async\" width=\"1024\" height=\"682\" data-id=\"30807\" src=\"https:\/\/www.elpolitologoyelpolitico.com.ar\/wp-content\/uploads\/2023\/05\/IMG-20230514-WA0008-1024x682.jpg\" alt=\"\" class=\"wp-image-30807\" srcset=\"https:\/\/www.elpolitologoyelpolitico.com.ar\/wp-content\/uploads\/2023\/05\/IMG-20230514-WA0008-1024x682.jpg 1024w, https:\/\/www.elpolitologoyelpolitico.com.ar\/wp-content\/uploads\/2023\/05\/IMG-20230514-WA0008-300x200.jpg 300w, https:\/\/www.elpolitologoyelpolitico.com.ar\/wp-content\/uploads\/2023\/05\/IMG-20230514-WA0008-768x512.jpg 768w, https:\/\/www.elpolitologoyelpolitico.com.ar\/wp-content\/uploads\/2023\/05\/IMG-20230514-WA0008.jpg 1057w\" sizes=\"(max-width: 1024px) 100vw, 1024px\" \/><\/figure>\n\n\n\n<figure class=\"wp-block-image size-large\"><img decoding=\"async\" width=\"1024\" height=\"682\" data-id=\"30808\" src=\"https:\/\/www.elpolitologoyelpolitico.com.ar\/wp-content\/uploads\/2023\/05\/IMG-20230514-WA0009-1024x682.jpg\" alt=\"\" class=\"wp-image-30808\" srcset=\"https:\/\/www.elpolitologoyelpolitico.com.ar\/wp-content\/uploads\/2023\/05\/IMG-20230514-WA0009-1024x682.jpg 1024w, https:\/\/www.elpolitologoyelpolitico.com.ar\/wp-content\/uploads\/2023\/05\/IMG-20230514-WA0009-300x200.jpg 300w, https:\/\/www.elpolitologoyelpolitico.com.ar\/wp-content\/uploads\/2023\/05\/IMG-20230514-WA0009-768x511.jpg 768w, https:\/\/www.elpolitologoyelpolitico.com.ar\/wp-content\/uploads\/2023\/05\/IMG-20230514-WA0009.jpg 1280w\" sizes=\"(max-width: 1024px) 100vw, 1024px\" \/><\/figure>\n<\/figure>\n\n\n\n<p><br>\u00a0<\/p>\n<div class=\"fb-background-color\">\n\t\t\t  <div \n\t\t\t  \tclass = \"fb-comments\" \n\t\t\t  \tdata-href = \"https:\/\/www.elpolitologoyelpolitico.com.ar\/wordpress\/2023\/05\/14\/el-segundo-semestre-del-ano-estara-cargado-de-competencias-para-rio-negro\/\"\n\t\t\t  \tdata-numposts = \"10\"\n\t\t\t  \tdata-lazy = \"true\"\n\t\t\t\tdata-colorscheme = \"light\"\n\t\t\t\tdata-order-by = \"social\"\n\t\t\t\tdata-mobile=true>\n\t\t\t  <\/div><\/div>\n\t\t  <style>\n\t\t    .fb-background-color {\n\t\t\t\tbackground: #ffffff !important;\n\t\t\t}\n\t\t\t.fb_iframe_widget_fluid_desktop iframe {\n\t\t\t    width: 100% !important;\n\t\t\t}\n\t\t  <\/style>\n\t\t  ","protected":false},"excerpt":{"rendered":"<p>Los seleccionados rionegrinos buscar\u00e1n mantener el protagonismo en los eventos deportivos venideros para que la bandera provincial flamee en lo m\u00e1s alto. Los Juegos Patag\u00f3nicos, los Evita, Araucan\u00eda y Epade son algunas de las citas agendadas. Como todos los a\u00f1os R\u00edo Negro se ubica como un importante contendiente en cada certamen del que participa. En [&hellip;]<\/p>\n","protected":false},"author":4,"featured_media":30806,"comment_status":"closed","ping_status":"closed","sticky":false,"template":"","format":"standard","meta":{"_joinchat":[],"footnotes":""},"categories":[4],"tags":[],"class_list":["post-30805","post","type-post","status-publish","format-standard","has-post-thumbnail","hentry","category-politicas-publicas"],"_links":{"self":[{"href":"https:\/\/www.elpolitologoyelpolitico.com.ar\/wordpress\/wp-json\/wp\/v2\/posts\/30805","targetHints":{"allow":["GET"]}}],"collection":[{"href":"https:\/\/www.elpolitologoyelpolitico.com.ar\/wordpress\/wp-json\/wp\/v2\/posts"}],"about":[{"href":"https:\/\/www.elpolitologoyelpolitico.com.ar\/wordpress\/wp-json\/wp\/v2\/types\/post"}],"author":[{"embeddable":true,"href":"https:\/\/www.elpolitologoyelpolitico.com.ar\/wordpress\/wp-json\/wp\/v2\/users\/4"}],"replies":[{"embeddable":true,"href":"https:\/\/www.elpolitologoyelpolitico.com.ar\/wordpress\/wp-json\/wp\/v2\/comments?post=30805"}],"version-history":[{"count":0,"href":"https:\/\/www.elpolitologoyelpolitico.com.ar\/wordpress\/wp-json\/wp\/v2\/posts\/30805\/revisions"}],"wp:featuredmedia":[{"embeddable":true,"href":"https:\/\/www.elpolitologoyelpolitico.com.ar\/wordpress\/wp-json\/wp\/v2\/media\/30806"}],"wp:attachment":[{"href":"https:\/\/www.elpolitologoyelpolitico.com.ar\/wordpress\/wp-json\/wp\/v2\/media?parent=30805"}],"wp:term":[{"taxonomy":"category","embeddable":true,"href":"https:\/\/www.elpolitologoyelpolitico.com.ar\/wordpress\/wp-json\/wp\/v2\/categories?post=30805"},{"taxonomy":"post_tag","embeddable":true,"href":"https:\/\/www.elpolitologoyelpolitico.com.ar\/wordpress\/wp-json\/wp\/v2\/tags?post=30805"}],"curies":[{"name":"wp","href":"https:\/\/api.w.org\/{rel}","templated":true}]}}