{"id":30802,"date":"2023-05-14T22:15:04","date_gmt":"2023-05-14T22:15:04","guid":{"rendered":"https:\/\/www.elpolitologoyelpolitico.com.ar\/wordpress\/?p=30802"},"modified":"2023-05-14T22:15:05","modified_gmt":"2023-05-14T22:15:05","slug":"el-gobierno-nacional-tomara-nuevas-medidas-economicas-a-partir-de-manana","status":"publish","type":"post","link":"https:\/\/www.elpolitologoyelpolitico.com.ar\/wordpress\/2023\/05\/14\/el-gobierno-nacional-tomara-nuevas-medidas-economicas-a-partir-de-manana\/","title":{"rendered":"El Gobierno Nacional tomar\u00e1 nuevas medidas economicas a partir de ma\u00f1ana"},"content":{"rendered":"\n<p>El Gobierno dispondr\u00e1 una fuerte suba de la tasa de inter\u00e9s, que llegar\u00e1 a niveles r\u00e9cord, para frenar la dolarizaci\u00f3n, y el Banco Central tendr\u00e1 las manos libres para operar sobre el d\u00f3lar; Massa se reserv\u00f3 un golpe de efecto: el Mercado Central importar\u00e1 alimentos sin pagar aranceles<\/p>\n\n\n\n<p>El set m\u00e1s importante de decisiones incluye tres puntos: esta semana se aplicar\u00e1 una&nbsp;fuerte suba en las tasas de inter\u00e9s, que ser\u00e1 complementada con una mayor intervenci\u00f3n del Banco Central para administrar el&nbsp;crawling&nbsp;(devaluaci\u00f3n paulatina) y se acelerar\u00e1n las discusiones con el Fondo Monetario Internacional (FMI), con&nbsp;China&nbsp;(por los swaps) y con los pa\u00edses del denominado BRIC para&nbsp;facilitar el intercambio de monedas con Brasil.<\/p>\n\n\n\n<p>De las tres medidas anteriores,&nbsp;la m\u00e1s efectiva, ambiciosa y arriesgada es la suba de las tasas&nbsp;de inter\u00e9s que afectar\u00e1, entre otras cosas, a los plazos fijos. Alrededor de ese punto se suscitaron las mayores discusiones en la reuni\u00f3n que se hizo ayer en Hacienda. El ala m\u00e1s ortodoxa de Econom\u00eda suger\u00eda llevarla a un valor muy alto, de alrededor del 110%. Esa propuesta qued\u00f3 en el camino. La tasa llegar\u00e1 a poco menos del 100% -97%-, algo que de todas maneras&nbsp;sigue siendo un gran golpe de tim\u00f3n.<\/p>\n\n\n\n<p>Desde ma\u00f1ana, el Banco Central&nbsp;tendr\u00e1 un rol a\u00fan m\u00e1s activo en la administraci\u00f3n del d\u00f3lar.<\/p>\n\n\n\n<p>El equipo econ\u00f3mico defini\u00f3, tambi\u00e9n, un conjunto de&nbsp;medidas complementarias. Para moderar el efecto de las subas de las tasas de inter\u00e9s que encarecer\u00e1 los pr\u00e9stamos,&nbsp;se reducir\u00e1n las tasas del programa Ahora 12&nbsp;para los intereses de los saldos.<\/p>\n<div class=\"fb-background-color\">\n\t\t\t  <div \n\t\t\t  \tclass = \"fb-comments\" \n\t\t\t  \tdata-href = \"https:\/\/www.elpolitologoyelpolitico.com.ar\/wordpress\/2023\/05\/14\/el-gobierno-nacional-tomara-nuevas-medidas-economicas-a-partir-de-manana\/\"\n\t\t\t  \tdata-numposts = \"10\"\n\t\t\t  \tdata-lazy = \"true\"\n\t\t\t\tdata-colorscheme = \"light\"\n\t\t\t\tdata-order-by = \"social\"\n\t\t\t\tdata-mobile=true>\n\t\t\t  <\/div><\/div>\n\t\t  <style>\n\t\t    .fb-background-color {\n\t\t\t\tbackground: #ffffff !important;\n\t\t\t}\n\t\t\t.fb_iframe_widget_fluid_desktop iframe {\n\t\t\t    width: 100% !important;\n\t\t\t}\n\t\t  <\/style>\n\t\t  ","protected":false},"excerpt":{"rendered":"<p>El Gobierno dispondr\u00e1 una fuerte suba de la tasa de inter\u00e9s, que llegar\u00e1 a niveles r\u00e9cord, para frenar la dolarizaci\u00f3n, y el Banco Central tendr\u00e1 las manos libres para operar sobre el d\u00f3lar; Massa se reserv\u00f3 un golpe de efecto: el Mercado Central importar\u00e1 alimentos sin pagar aranceles El set m\u00e1s importante de decisiones incluye [&hellip;]<\/p>\n","protected":false},"author":4,"featured_media":30803,"comment_status":"closed","ping_status":"closed","sticky":false,"template":"","format":"standard","meta":{"_joinchat":[],"footnotes":""},"categories":[39],"tags":[],"class_list":["post-30802","post","type-post","status-publish","format-standard","has-post-thumbnail","hentry","category-en-esta-seccion"],"_links":{"self":[{"href":"https:\/\/www.elpolitologoyelpolitico.com.ar\/wordpress\/wp-json\/wp\/v2\/posts\/30802","targetHints":{"allow":["GET"]}}],"collection":[{"href":"https:\/\/www.elpolitologoyelpolitico.com.ar\/wordpress\/wp-json\/wp\/v2\/posts"}],"about":[{"href":"https:\/\/www.elpolitologoyelpolitico.com.ar\/wordpress\/wp-json\/wp\/v2\/types\/post"}],"author":[{"embeddable":true,"href":"https:\/\/www.elpolitologoyelpolitico.com.ar\/wordpress\/wp-json\/wp\/v2\/users\/4"}],"replies":[{"embeddable":true,"href":"https:\/\/www.elpolitologoyelpolitico.com.ar\/wordpress\/wp-json\/wp\/v2\/comments?post=30802"}],"version-history":[{"count":0,"href":"https:\/\/www.elpolitologoyelpolitico.com.ar\/wordpress\/wp-json\/wp\/v2\/posts\/30802\/revisions"}],"wp:featuredmedia":[{"embeddable":true,"href":"https:\/\/www.elpolitologoyelpolitico.com.ar\/wordpress\/wp-json\/wp\/v2\/media\/30803"}],"wp:attachment":[{"href":"https:\/\/www.elpolitologoyelpolitico.com.ar\/wordpress\/wp-json\/wp\/v2\/media?parent=30802"}],"wp:term":[{"taxonomy":"category","embeddable":true,"href":"https:\/\/www.elpolitologoyelpolitico.com.ar\/wordpress\/wp-json\/wp\/v2\/categories?post=30802"},{"taxonomy":"post_tag","embeddable":true,"href":"https:\/\/www.elpolitologoyelpolitico.com.ar\/wordpress\/wp-json\/wp\/v2\/tags?post=30802"}],"curies":[{"name":"wp","href":"https:\/\/api.w.org\/{rel}","templated":true}]}}