{"id":30799,"date":"2023-05-14T22:05:02","date_gmt":"2023-05-14T22:05:02","guid":{"rendered":"https:\/\/www.elpolitologoyelpolitico.com.ar\/wordpress\/?p=30799"},"modified":"2023-05-14T22:05:03","modified_gmt":"2023-05-14T22:05:03","slug":"a-rodar-escuelas-nueva-capacitacion-docente-en-lenguaje-audiovisual","status":"publish","type":"post","link":"https:\/\/www.elpolitologoyelpolitico.com.ar\/wordpress\/2023\/05\/14\/a-rodar-escuelas-nueva-capacitacion-docente-en-lenguaje-audiovisual\/","title":{"rendered":"\u201cA Rodar Escuelas\u201d: nueva capacitaci\u00f3n docente en Lenguaje Audiovisual"},"content":{"rendered":"\n<p>El Ministerio de Educaci\u00f3n y Derechos Humanos inici\u00f3 la inscripci\u00f3n para la capacitaci\u00f3n docente \u201cHistoria del Cine Argentino y Latinoamericano\u201d, a dictarse en el marco del 10\u00ba aniversario del programa provincial \u201cA Rodar Escuelas\u201d.<\/p>\n\n\n\n<p>La propuesta est\u00e1 destinada a docentes de todos los niveles y modalidades de la Zona de Alto Valle, y se realizar\u00e1 en forma presencial el lunes 22 y martes 23 de mayo, en el horario de 8.30 a 12.30, en Cipolletti.&nbsp;&nbsp;<\/p>\n\n\n\n<p>Durante esta actividad, a cargo de la docente de la Escuela Nacional de Experimentaci\u00f3n y Realizaci\u00f3n Cinematogr\u00e1fica (ENERC) Gabriela Fern\u00e1ndez, se realizar\u00e1 una revisi\u00f3n de los or\u00edgenes del Cine Argentino, de la consolidaci\u00f3n de la producci\u00f3n en el cine mudo, la transici\u00f3n al sonoro, el cine cl\u00e1sico, el cine de los a\u00f1os \u00b460 y el cine pol\u00edtico.<\/p>\n\n\n\n<p>Los y las interesadas podr\u00e1n inscribirse hasta el 19 de mayo o hasta agotar cupo ingresando en:&nbsp;https:\/\/forms.gle\/RgfbCyqW3yNLAShd9<\/p>\n\n\n\n<p>La capacitaci\u00f3n se enmarca en las distintas actividades de formaci\u00f3n docente en Lenguaje Audiovisual que se desarrollan por los 10 a\u00f1os del Festival de Cortometrajes \u201cA Rodar Escuelas\u201d, de acuerdo a la Resoluci\u00f3n 3118\/23 del Consejo Provincial de Educaci\u00f3n (CPE). Es organizada en forma conjunta por el Ministerio de Educaci\u00f3n y Derechos Humanos, el programa del Instituto Nacional de Cine y Artes Audiovisuales (INCAA) \u201cLas Escuelas van al Cine\u201d y la ENERC. Adem\u00e1s, cuenta con el apoyo de la Municipalidad de Cipolletti.<\/p>\n<div class=\"fb-background-color\">\n\t\t\t  <div \n\t\t\t  \tclass = \"fb-comments\" \n\t\t\t  \tdata-href = \"https:\/\/www.elpolitologoyelpolitico.com.ar\/wordpress\/2023\/05\/14\/a-rodar-escuelas-nueva-capacitacion-docente-en-lenguaje-audiovisual\/\"\n\t\t\t  \tdata-numposts = \"10\"\n\t\t\t  \tdata-lazy = \"true\"\n\t\t\t\tdata-colorscheme = \"light\"\n\t\t\t\tdata-order-by = \"social\"\n\t\t\t\tdata-mobile=true>\n\t\t\t  <\/div><\/div>\n\t\t  <style>\n\t\t    .fb-background-color {\n\t\t\t\tbackground: #ffffff !important;\n\t\t\t}\n\t\t\t.fb_iframe_widget_fluid_desktop iframe {\n\t\t\t    width: 100% !important;\n\t\t\t}\n\t\t  <\/style>\n\t\t  ","protected":false},"excerpt":{"rendered":"<p>El Ministerio de Educaci\u00f3n y Derechos Humanos inici\u00f3 la inscripci\u00f3n para la capacitaci\u00f3n docente \u201cHistoria del Cine Argentino y Latinoamericano\u201d, a dictarse en el marco del 10\u00ba aniversario del programa provincial \u201cA Rodar Escuelas\u201d. La propuesta est\u00e1 destinada a docentes de todos los niveles y modalidades de la Zona de Alto Valle, y se realizar\u00e1 [&hellip;]<\/p>\n","protected":false},"author":4,"featured_media":30800,"comment_status":"closed","ping_status":"closed","sticky":false,"template":"","format":"standard","meta":{"_joinchat":[],"footnotes":""},"categories":[4],"tags":[],"class_list":["post-30799","post","type-post","status-publish","format-standard","has-post-thumbnail","hentry","category-politicas-publicas"],"_links":{"self":[{"href":"https:\/\/www.elpolitologoyelpolitico.com.ar\/wordpress\/wp-json\/wp\/v2\/posts\/30799","targetHints":{"allow":["GET"]}}],"collection":[{"href":"https:\/\/www.elpolitologoyelpolitico.com.ar\/wordpress\/wp-json\/wp\/v2\/posts"}],"about":[{"href":"https:\/\/www.elpolitologoyelpolitico.com.ar\/wordpress\/wp-json\/wp\/v2\/types\/post"}],"author":[{"embeddable":true,"href":"https:\/\/www.elpolitologoyelpolitico.com.ar\/wordpress\/wp-json\/wp\/v2\/users\/4"}],"replies":[{"embeddable":true,"href":"https:\/\/www.elpolitologoyelpolitico.com.ar\/wordpress\/wp-json\/wp\/v2\/comments?post=30799"}],"version-history":[{"count":0,"href":"https:\/\/www.elpolitologoyelpolitico.com.ar\/wordpress\/wp-json\/wp\/v2\/posts\/30799\/revisions"}],"wp:featuredmedia":[{"embeddable":true,"href":"https:\/\/www.elpolitologoyelpolitico.com.ar\/wordpress\/wp-json\/wp\/v2\/media\/30800"}],"wp:attachment":[{"href":"https:\/\/www.elpolitologoyelpolitico.com.ar\/wordpress\/wp-json\/wp\/v2\/media?parent=30799"}],"wp:term":[{"taxonomy":"category","embeddable":true,"href":"https:\/\/www.elpolitologoyelpolitico.com.ar\/wordpress\/wp-json\/wp\/v2\/categories?post=30799"},{"taxonomy":"post_tag","embeddable":true,"href":"https:\/\/www.elpolitologoyelpolitico.com.ar\/wordpress\/wp-json\/wp\/v2\/tags?post=30799"}],"curies":[{"name":"wp","href":"https:\/\/api.w.org\/{rel}","templated":true}]}}