{"id":30794,"date":"2023-05-14T21:47:53","date_gmt":"2023-05-14T21:47:53","guid":{"rendered":"https:\/\/www.elpolitologoyelpolitico.com.ar\/wordpress\/?p=30794"},"modified":"2023-05-14T21:49:11","modified_gmt":"2023-05-14T21:49:11","slug":"jornada-de-capacitacion-en-rcp-y-primeros-auxilios-para-jovenes-del-programa-envion","status":"publish","type":"post","link":"https:\/\/www.elpolitologoyelpolitico.com.ar\/wordpress\/2023\/05\/14\/jornada-de-capacitacion-en-rcp-y-primeros-auxilios-para-jovenes-del-programa-envion\/","title":{"rendered":"Jornada de capacitaci\u00f3n en RCP y primeros auxilios para j\u00f3venes del programa Envi\u00f3n"},"content":{"rendered":"\n<p>Este mi\u00e9rcoles, m\u00e1s de setenta adolescentes que participan del programa Envi\u00f3n se capacitaron en RCP y primeros auxilios.<\/p>\n\n\n\n<p>La jornada estuvo a cargo del personal del \u00e1rea de Coordinaci\u00f3n de Programas Sanitarios y se concret\u00f3 en respuesta al pedido elevado por la titular de la Direcci\u00f3n de Ni\u00f1ez, Adolescencia, Juventud y G\u00e9nero, Dra. Jorgelina Castronovo.<\/p>\n\n\n\n<p>Al respecto la Coordinadora de Programas Sanitarios, Lic. Mabel Guzm\u00e1n, destac\u00f3 el trabajo en conjunto y agradeci\u00f3 a la Secretar\u00eda de Seguridad por facilitar elementos esenciales para la pr\u00e1ctica de lo aprendido.<\/p>\n\n\n\n<p>\u00abFue un tiempo muy ameno, estas capacitaciones est\u00e1n disponibles para quienes quieran solicitarlas y ya se vienen realizando en distintos sectores con muy buena respuesta del p\u00fablico\u00bb, concluy\u00f3 Guzm\u00e1n.<\/p>\n\n\n\n<figure class=\"wp-block-gallery has-nested-images columns-default is-cropped wp-block-gallery-1 is-layout-flex wp-block-gallery-is-layout-flex\">\n<figure class=\"wp-block-image size-large\"><img fetchpriority=\"high\" decoding=\"async\" width=\"720\" height=\"962\" data-id=\"30796\" src=\"https:\/\/www.elpolitologoyelpolitico.com.ar\/wp-content\/uploads\/2023\/05\/IMG-20230514-WA0001.jpg\" alt=\"\" class=\"wp-image-30796\" srcset=\"https:\/\/www.elpolitologoyelpolitico.com.ar\/wp-content\/uploads\/2023\/05\/IMG-20230514-WA0001.jpg 720w, https:\/\/www.elpolitologoyelpolitico.com.ar\/wp-content\/uploads\/2023\/05\/IMG-20230514-WA0001-225x300.jpg 225w\" sizes=\"(max-width: 720px) 100vw, 720px\" \/><\/figure>\n\n\n\n<figure class=\"wp-block-image size-large\"><img decoding=\"async\" width=\"720\" height=\"539\" data-id=\"30797\" src=\"https:\/\/www.elpolitologoyelpolitico.com.ar\/wp-content\/uploads\/2023\/05\/IMG-20230514-WA0003.jpg\" alt=\"\" class=\"wp-image-30797\" srcset=\"https:\/\/www.elpolitologoyelpolitico.com.ar\/wp-content\/uploads\/2023\/05\/IMG-20230514-WA0003.jpg 720w, https:\/\/www.elpolitologoyelpolitico.com.ar\/wp-content\/uploads\/2023\/05\/IMG-20230514-WA0003-300x225.jpg 300w\" sizes=\"(max-width: 720px) 100vw, 720px\" \/><\/figure>\n<\/figure>\n<div class=\"fb-background-color\">\n\t\t\t  <div \n\t\t\t  \tclass = \"fb-comments\" \n\t\t\t  \tdata-href = \"https:\/\/www.elpolitologoyelpolitico.com.ar\/wordpress\/2023\/05\/14\/jornada-de-capacitacion-en-rcp-y-primeros-auxilios-para-jovenes-del-programa-envion\/\"\n\t\t\t  \tdata-numposts = \"10\"\n\t\t\t  \tdata-lazy = \"true\"\n\t\t\t\tdata-colorscheme = \"light\"\n\t\t\t\tdata-order-by = \"social\"\n\t\t\t\tdata-mobile=true>\n\t\t\t  <\/div><\/div>\n\t\t  <style>\n\t\t    .fb-background-color {\n\t\t\t\tbackground: #ffffff !important;\n\t\t\t}\n\t\t\t.fb_iframe_widget_fluid_desktop iframe {\n\t\t\t    width: 100% !important;\n\t\t\t}\n\t\t  <\/style>\n\t\t  ","protected":false},"excerpt":{"rendered":"<p>Este mi\u00e9rcoles, m\u00e1s de setenta adolescentes que participan del programa Envi\u00f3n se capacitaron en RCP y primeros auxilios. La jornada estuvo a cargo del personal del \u00e1rea de Coordinaci\u00f3n de Programas Sanitarios y se concret\u00f3 en respuesta al pedido elevado por la titular de la Direcci\u00f3n de Ni\u00f1ez, Adolescencia, Juventud y G\u00e9nero, Dra. Jorgelina Castronovo. [&hellip;]<\/p>\n","protected":false},"author":4,"featured_media":30795,"comment_status":"closed","ping_status":"closed","sticky":false,"template":"","format":"standard","meta":{"_joinchat":[],"footnotes":""},"categories":[39],"tags":[],"class_list":["post-30794","post","type-post","status-publish","format-standard","has-post-thumbnail","hentry","category-en-esta-seccion"],"_links":{"self":[{"href":"https:\/\/www.elpolitologoyelpolitico.com.ar\/wordpress\/wp-json\/wp\/v2\/posts\/30794","targetHints":{"allow":["GET"]}}],"collection":[{"href":"https:\/\/www.elpolitologoyelpolitico.com.ar\/wordpress\/wp-json\/wp\/v2\/posts"}],"about":[{"href":"https:\/\/www.elpolitologoyelpolitico.com.ar\/wordpress\/wp-json\/wp\/v2\/types\/post"}],"author":[{"embeddable":true,"href":"https:\/\/www.elpolitologoyelpolitico.com.ar\/wordpress\/wp-json\/wp\/v2\/users\/4"}],"replies":[{"embeddable":true,"href":"https:\/\/www.elpolitologoyelpolitico.com.ar\/wordpress\/wp-json\/wp\/v2\/comments?post=30794"}],"version-history":[{"count":0,"href":"https:\/\/www.elpolitologoyelpolitico.com.ar\/wordpress\/wp-json\/wp\/v2\/posts\/30794\/revisions"}],"wp:featuredmedia":[{"embeddable":true,"href":"https:\/\/www.elpolitologoyelpolitico.com.ar\/wordpress\/wp-json\/wp\/v2\/media\/30795"}],"wp:attachment":[{"href":"https:\/\/www.elpolitologoyelpolitico.com.ar\/wordpress\/wp-json\/wp\/v2\/media?parent=30794"}],"wp:term":[{"taxonomy":"category","embeddable":true,"href":"https:\/\/www.elpolitologoyelpolitico.com.ar\/wordpress\/wp-json\/wp\/v2\/categories?post=30794"},{"taxonomy":"post_tag","embeddable":true,"href":"https:\/\/www.elpolitologoyelpolitico.com.ar\/wordpress\/wp-json\/wp\/v2\/tags?post=30794"}],"curies":[{"name":"wp","href":"https:\/\/api.w.org\/{rel}","templated":true}]}}